{"id":9388,"date":"2022-02-16T09:20:40","date_gmt":"2022-02-16T12:20:40","guid":{"rendered":"https:\/\/www.mjvinnovation.com\/blog\/armazenamento-em-nuvem-em-6-passos\/"},"modified":"2023-08-03T17:13:52","modified_gmt":"2023-08-03T20:13:52","slug":"armazenamento-em-nuvem","status":"publish","type":"post","link":"https:\/\/www.mjvinnovation.com\/pt-br\/blog\/armazenamento-em-nuvem\/","title":{"rendered":"7 vantagens de usar o armazenamento em nuvem na sua empresa"},"content":{"rendered":"\n<p>O armazenamento em nuvem j\u00e1 \u00e9 uma realidade \u2013 e isso n\u00e3o \u00e9 de hoje. Antes mesmo da pandemia da covid-19 e do estabelecimento do home office no mundo inteiro, a maioria das organiza\u00e7\u00f5es j\u00e1 funcionava com uma infraestrutura ligada \u00e0 nuvem em alguma escala.&nbsp;<\/p>\n\n\n\n<p>Hoje, o cen\u00e1rio \u00e9 ainda mais radical. Os servidores f\u00edsicos viraram raridade, coisa do passado \u2013 quase como aqueles computadores gigantes que habitavam salas e mais salas dentro da sede da IBM.&nbsp;<\/p>\n\n\n\n<p>Isso porque, al\u00e9m de reduzir custos e ajudar as corpora\u00e7\u00f5es a inovar com agilidade, podemos dizer que a virtualiza\u00e7\u00e3o do armazenamento \u00e9 fundamental para potencializar estrat\u00e9gias importantes, como, por exemplo, a gest\u00e3o orientada a dados.<\/p>\n\n\n\n<p>Vamos entender mais sobre armazenamento em nuvem e as vantagens que essa pr\u00e1tica pode trazer para sua corpora\u00e7\u00e3o. Acompanhe!<\/p>\n\n\n\n<h2 class=\"wp-block-heading\">O que \u00e9 armazenamento em nuvem<\/h2>\n\n\n\n<p>O armazenamento em nuvem envolve a estocagem de dados em hardware, \u00e9 um armazenamento externo e mantido por terceiros.&nbsp;<\/p>\n\n\n\n<p>As empresas clientes enviam arquivos para um servidor mantido por um <strong>provedor de nuvem<\/strong> e deixam de usar unicamente em suas pr\u00f3prias infraestruturas.&nbsp;<\/p>\n\n\n\n<p>Assim, essas empresas prestadoras de servi\u00e7o de armazenamento em nuvem salvam os dados de forma segura em um banco de dados remoto para que sua corpora\u00e7\u00e3o n\u00e3o precise armazenar dados, arquivos e softwares em um disco r\u00edgido do computador ou em outro dispositivo de armazenamento, como por exemplo, servidores imensos e car\u00edssimos.&nbsp;<\/p>\n\n\n\n<p>Os sistemas de armazenamento em nuvem geralmente abrangem centenas de servidores de dados conectados por um servidor de controle mestre. <\/p>\n\n\n\n<p>Permitindo que pessoas e empresas armazenem, acessem e protejam seus dados de forma f\u00e1cil e pr\u00e1tica, precisando apenas de uma conex\u00e3o com a internet.\u00a0<\/p>\n\n\n\n<p>Certamente voc\u00ea est\u00e1 familiarizado com servi\u00e7os de armazenamento em nuvem e at\u00e9 utiliza alguns deles em sua rotina de trabalho. DropBox, Google Docs, iCloud, OneDrive, SendSpace s\u00e3o apenas alguns exemplos.&nbsp;<\/p>\n\n\n<div class=\"wp-block-image\">\n<figure class=\"aligncenter size-large is-resized\"><img fetchpriority=\"high\" decoding=\"async\" src=\"https:\/\/www.mjvinnovation.com\/wp-content\/uploads\/2022\/02\/Server-4.gif\" alt=\"\" class=\"wp-image-22993\" width=\"280\" height=\"250\"\/><\/figure><\/div>\n\n\n<h2 class=\"wp-block-heading\">Time de TI e armazenamento em nuvem: grandes aliados<\/h2>\n\n\n\n<p>O armazenamento em nuvem \u00e9 uma evolu\u00e7\u00e3o natural para as empresas em transforma\u00e7\u00e3o digital. E deve ser aproveitado pelos times de TI para elevar a capacidade do neg\u00f3cio, mas tamb\u00e9m para potencializar os resultados da \u00e1rea.&nbsp;<\/p>\n\n\n\n<p>Para o time de TI, a nuvem \u00e9 uma grande aliada em termos de armazenamento. Ela garante uma s\u00e9rie de benef\u00edcios que facilitam bastante a rotina de trabalho. Veja, a seguir, quais s\u00e3o os mais significativos.<\/p>\n\n\n\n<p><strong>Menos preocupa\u00e7\u00f5es t\u00e9cnicas, mais atua\u00e7\u00e3o consultiva<\/strong><\/p>\n\n\n\n<p>\u00c9 um erro olhar para a cloud computing como uma amea\u00e7a ao poder do departamento de TI. A computa\u00e7\u00e3o em nuvem atua como um complemento aos sistemas locais e n\u00e3o como substituta.<\/p>\n\n\n\n<p>Ao n\u00e3o se preocupar com quest\u00f5es t\u00e9cnicas relacionadas ao armazenamento dos dados, os gestores de TI e suas equipes finalmente chegam ao estado da arte: a atua\u00e7\u00e3o anal\u00edtica.&nbsp;<\/p>\n\n\n\n<p>Eles t\u00eam mais tempo e recursos para agir de maneira consultiva e propositiva \u2013 uma <a href=\"https:\/\/conteudo.mjv.com.br\/ebook-ti-estrategica?_ga=2.62149999.239381105.1644540737-531412020.1628280714\" target=\"_blank\" rel=\"noreferrer noopener\">TI bem mais estrat\u00e9gica<\/a>.<\/p>\n\n\n\n<p><strong>Otimiza\u00e7\u00e3o dos retornos sobre os investimentos<\/strong><\/p>\n\n\n\n<p>Uma das principais vantagens da nuvem est\u00e1 relacionada ao retorno sobre os investimentos (ROI). Isso porque, com o armazenamento na infraestrutura local, \u00e9 um desafio demonstrar resultados ao board executivo da empresa.&nbsp;<\/p>\n\n\n\n<p>N\u00e3o \u00e9 o que acontece com a nuvem! Bons provedores fornecem dashboards onde os gestores de TI podem acompanhar em tempo real diversas m\u00e9tricas relacionadas aos servi\u00e7os contratados. Logo, \u00e9 poss\u00edvel demonstrar com dados concretos como a TI est\u00e1 auxiliando a empresa a alcan\u00e7ar seus objetivos estrat\u00e9gicos.<\/p>\n\n\n\n<h2 class=\"wp-block-heading\">Tipos de armazenamento em nuvem&nbsp;<\/h2>\n\n\n\n<p>Existem muitas classifica\u00e7\u00f5es para as abordagens em nuvem, entretanto, as mais importantes s\u00e3o as que se referem ao modelo de implanta\u00e7\u00e3o. Confira quais s\u00e3o elas:<\/p>\n\n\n\n<ul class=\"wp-block-list\"><li><strong>Nuvem privada <\/strong>\u2013 como o nome j\u00e1 diz, \u00e9 o modelo de implanta\u00e7\u00e3o sob demanda em que os servi\u00e7os e a infraestrutura de computa\u00e7\u00e3o em nuvem s\u00e3o hospedados de maneira privada (dentro da pr\u00f3pria corpora\u00e7\u00e3o, atrav\u00e9s de recursos que n\u00e3o s\u00e3o compartilhados com outras corpora\u00e7\u00f5es).&nbsp;<\/li><\/ul>\n\n\n\n<ul class=\"wp-block-list\"><li><strong>Nuvem p\u00fablica<\/strong> \u2013 \u00e9 o contr\u00e1rio da nuvem privada: as empresas compartilham hardware, armazenamento e dispositivos de rede. Ou seja, o acesso n\u00e3o \u00e9 restrito apenas a uma organiza\u00e7\u00e3o e toda a infraestrutura do fornecedor \u00e9 compartilhada igualmente por todos os usu\u00e1rios. Google Cloud Platform, Microsoft Azure e Amazon Web Services s\u00e3o os maiores exemplos de nuvens p\u00fablicas.<\/li><\/ul>\n\n\n\n<ul class=\"wp-block-list\"><li><strong>Nuvem h\u00edbrida<\/strong> \u2013 a nuvem h\u00edbrida usa uma combina\u00e7\u00e3o de solu\u00e7\u00f5es de nuvem que operam em conjunto no local e fora do local para fornecer servi\u00e7os de computa\u00e7\u00e3o em nuvem a uma corpora\u00e7\u00e3o.<\/li><\/ul>\n\n\n\n<ul class=\"wp-block-list\"><li><strong>Multicloud<\/strong> &#8211; \u00e9 uma abordagem composta por mais de um servi\u00e7o e de um provedor de nuvem, seja p\u00fablica ou privada, originada de diferentes fornecedores.<em>&nbsp;<\/em><\/li><\/ul>\n\n\n<section class=\"form-materials section-materials\">\n  <a class=\"open-form hs-button\">\n  Acesse gr\u00e1tis<\/a>\n\t<div class=\"section-materials-header\">\n\t\t<h3 class=\"section-materials-title\">Preencha o formul\u00e1rio abaixo e acesse um guia completo sobre cloud computing. <\/h3>\n\t\t<p class=\"section-materials-text\"><\/p>\n\t<\/div>\n\t<div class=\"section-materials-content\">\n\t\t<div class=\"section-materials-form mjv-forms\"><!--[if lte IE 8]&gt;-->\r\n\r\n\r\n\r\n\r\n  hbspt.forms.create({\r\n\tregion: &#8220;na1&#8221;,\r\n\tportalId: &#8220;455690&#8221;,\r\n\tformId: &#8220;7a5c0f26-6c85-4fb0-b4ec-fc23cac105ff&#8221;\r\n});\r\n<\/div>\n\t<\/div>\n<\/section>\n\n<style>\n .section-materials {\n    background-color: #efefef;\n    max-width: 760px;\n    margin: 0 auto 3em;\n    padding: 0 1em 1.5em 1em;\n    position: relative;\n  }\n\n  .open-form {\n    position: absolute;\n    bottom: -37px;\n    left: 50%;\n    transform: translate(-50%, -50%);\n\n    margin: 0;\n    cursor: pointer;\n    display: inline-block;\n    font-weight: 700;\n    text-align: center;\n    color: #fff !important;\n    border-radius: 3px;\n    border-style: solid;\n    border-width: 1px;\n    padding: 12px 24px;\n\n    background: #60489d;\n    border-color: #60489d;\n    font-size: 12px;\n    line-height: 12px;\n  }\n\n  .open-form.hidden {\n    display: none;\n  }\n\n  .section-materials-header {\n    font-family: 'open_sansbold', sans-serif;\n    padding: 1em 0 0;\n    line-height: 1.5;\n  }\n\t.section-materials-title {\n    font-family: open_sansbold, sans-serif;\n    display: inline-block;\n    font-size: 1.5rem;\n    color: #46bb93;\n    position: relative;\n    background-color: transparent;\n    padding: 0;\n    border: none;\n    margin: 0 30px 0 0;\n\t}\n\n  .section-materials-content {\n    overflow: hidden;\n    height: 168px;\n    transition: all 1s ease;\n  }\n\n  .section-materials-content.open {\n    height: unset;\n  }\n  #hs-form-iframe-0 {\n    width: 100% !important;\n  }\n\n  .section-materials-form {\n    display: block !important;\n  }\n\n  @media (min-width:790px){\n    .section-materials-content {\n      display: flex;\n      justify-content: space-between;\n      align-items: flex-start;\n    }\n    .section-materials-form {\n      width: 100%;\n    }\n    .section-materials-featured {\n      width: 40%;\n      padding-left: 1em;\n    }\n  }\n<\/style>\n\n<script>\nvar openForm = document.querySelector('.open-form');\nvar content = document.querySelector('.section-materials-content');\nopenForm.addEventListener('click', ()=>{\n  content.classList.add(\"open\");\n  openForm.classList.add(\"hidden\");\n});\n<\/script>\n\n\n<h2 class=\"wp-block-heading\">Passo a passo para configurar a nuvem<\/h2>\n\n\n\n<p><strong>1. Avalia\u00e7\u00e3o<\/strong><\/p>\n\n\n\n<p>Aqui, a empresa analisa a infraestrutura existente, pessoas e outros ativos com rela\u00e7\u00e3o ao seu portf\u00f3lio de TI.&nbsp;<\/p>\n\n\n\n<p>Os ativos de TI s\u00e3o comparados em termos de desempenho, disponibilidade e escalabilidade, para que uma an\u00e1lise do custo-benef\u00edcio seja realizada baseada na plataforma de nuvem de destino.<\/p>\n\n\n\n<p>Um modelo de ROI e um documento de estrat\u00e9gia de alto n\u00edvel devem ser preparados.<\/p>\n\n\n\n<p><strong>2. Consolida\u00e7\u00e3o<\/strong><\/p>\n\n\n\n<p>Todos os caminhos para a consolida\u00e7\u00e3o da infraestrutura e dos or\u00e7amentos de TI devem ser explorados e implementados. Depois, \u00e9 preciso consolidar os dados em um local central para atender aos requisitos de toda a corpora\u00e7\u00e3o.&nbsp;<\/p>\n\n\n\n<p>O datacenter central deve ter propriedades de nuvem para que seja robusto o suficiente para atender a todos os dados das diferentes \u00e1reas.<\/p>\n\n\n\n<p><strong>3. Virtualiza\u00e7\u00e3o<\/strong><\/p>\n\n\n\n<p>Depois de consolidar os ativos de TI, considere a virtualiza\u00e7\u00e3o da infraestrutura. Essa etapa na jornada de configura\u00e7\u00e3o da nuvem ajudar\u00e1 a otimizar a infraestrutura j\u00e1 consolidada.&nbsp;<\/p>\n\n\n\n<p>Geralmente, o dimensionamento de hardware \u00e9 feito com vistas ao pico de requisitos\/uso desse hardware. <\/p>\n\n\n\n<p>\u00c9 importante verificar at\u00e9 que ponto o hardware \u00e9 subutilizado para encontrar maneiras de usar o restante da capacidade ociosa.<\/p>\n\n\n\n<p>Ao fazer isso, a organiza\u00e7\u00e3o pode maximizar o uso da infraestrutura de TI e explorar recursos subutilizados no caminho para a configura\u00e7\u00e3o da nuvem privada.<\/p>\n\n\n\n<p><strong>4. Migra\u00e7\u00e3o<\/strong><\/p>\n\n\n\n<p><strong>Padroniza\u00e7\u00e3o de aplicativos: <\/strong>Os aplicativos s\u00e3o avaliados a partir das perspectivas funcional e n\u00e3o funcional. Depois, s\u00e3o selecionados ou rejeitados, migrando para a nuvem.<\/p>\n\n\n\n<p>A padroniza\u00e7\u00e3o da arquitetura de aplicativos \u00e9 um fator importante. Isso envolve a constru\u00e7\u00e3o de uma arquitetura de refer\u00eancia padr\u00e3o, comparando-a com a atual do aplicativo e estabelecendo a lacuna entre as duas.<\/p>\n\n\n\n<p>Qualquer anomalia deve ser eliminada nesse est\u00e1gio, modificando os aplicativos conforme necess\u00e1rio, para adequar-se \u00e0 arquitetura de nuvem de refer\u00eancia.<\/p>\n\n\n\n<p><strong>Desempenho da aplica\u00e7\u00e3o: <\/strong>Em uma plataforma de nuvem virtualizada, h\u00e1 certas qualidades esperadas dos aplicativos.&nbsp;<\/p>\n\n\n\n<p>Por exemplo: um aplicativo que acessa um arquivo usando uma URL e caminho espec\u00edficos. A nuvem n\u00e3o tem localiza\u00e7\u00e3o padr\u00e3o espec\u00edfica dos arquivos porque se a m\u00e1quina ficar inativa, o arquivo ser\u00e1 perdido e o aplicativo ser\u00e1 desativado.&nbsp;<\/p>\n\n\n\n<p>Em uma plataforma de nuvem, voc\u00ea n\u00e3o pode esperar que o aplicativo acesse o arquivo usando um caminho uniforme, quando o mesmo arquivo pode estar localizado em v\u00e1rios locais da nuvem.<\/p>\n\n\n\n<p><strong>5. Automa\u00e7\u00e3o<\/strong><\/p>\n\n\n\n<p>Nessa etapa, qualidades como o autoprovisionamento s\u00e3o incorporadas em aplicativos.&nbsp;<\/p>\n\n\n\n<p>Por exemplo: a carga de um aplicativo aumenta inesperadamente enquanto est\u00e1 em execu\u00e7\u00e3o. Em uma configura\u00e7\u00e3o de nuvem, o aplicativo deve ter capacidade de dimensionamento autom\u00e1tico para formar uma nova m\u00e1quina virtual (VM), instalar-se no ambiente e come\u00e7ar a atender a nova solicita\u00e7\u00e3o.<\/p>\n\n\n\n<p>A automa\u00e7\u00e3o tamb\u00e9m pode ser realizada com rela\u00e7\u00e3o ao gerenciamento e monitoramento. No caso de uma m\u00e1quina inoperante, um alerta pode sair automaticamente para o administrador.<\/p>\n\n\n\n<p>Idealmente, sem interven\u00e7\u00e3o manual, a nuvem poderia criar uma nova inst\u00e2ncia por conta pr\u00f3pria e iniciar o aplicativo conforme necess\u00e1rio. A automa\u00e7\u00e3o incorporada nos aplicativos permite a autocorre\u00e7\u00e3o e o dimensionamento.<\/p>\n\n\n\n<p><strong>6. Otimiza\u00e7\u00e3o<\/strong><\/p>\n\n\n\n<p>A mudan\u00e7a para uma configura\u00e7\u00e3o de nuvem \u00e9 invariavelmente solicitada pelos benef\u00edcios potenciais de custo e desempenho. A fase final de otimiza\u00e7\u00e3o envolve o levantamento das m\u00e9tricas.&nbsp;<\/p>\n\n\n\n<p>Ap\u00f3s alguns meses de execu\u00e7\u00e3o dos aplicativos na configura\u00e7\u00e3o da nuvem privada, observe as m\u00e9tricas geradas e avalie se os destinos est\u00e3o sendo atendidos. <\/p>\n\n\n\n<p>Com base nessa an\u00e1lise, modifica\u00e7\u00f5es podem ser incorporadas para obter o m\u00e1ximo benef\u00edcio.\u00a0<\/p>\n\n\n\n<p>Esse \u00e9 o n\u00edvel de maturidade mais alto da jornada de configura\u00e7\u00e3o da nuvem.<\/p>\n\n\n\n<h2 class=\"wp-block-heading\">7 vantagens de utilizar o armazenamento em nuvem na sua empresa<\/h2>\n\n\n\n<h3 class=\"wp-block-heading\"><strong>Redu\u00e7\u00e3o de custos<\/strong><\/h3>\n\n\n\n<p>A mudan\u00e7a para a nuvem reduz a necessidade de discos r\u00edgidos, de usar a eletricidade que os alimenta e os servi\u00e7os de garantia de hardware que os protegem.&nbsp;<\/p>\n\n\n\n<p>Tamb\u00e9m corta os custos do gerenciamento de hardware e software no local, simplificando o monitoramento e reduzindo a necessidade de um planejamento de capacidade extensivo.&nbsp;<\/p>\n\n\n\n<h3 class=\"wp-block-heading\"><strong>Automa\u00e7\u00e3o<\/strong><\/h3>\n\n\n\n<p>Um dos maiores desafios para os times de TI \u00e9 criar backups de dados e agendar o backup para que as opera\u00e7\u00f5es di\u00e1rias n\u00e3o sejam prejudicadas.&nbsp;<\/p>\n\n\n\n<p>Com a tecnologia de armazenamento em nuvem, essa tarefa \u00e9 simplificada pela automa\u00e7\u00e3o: basta selecionar o que e quando deseja fazer backup e seu ambiente de nuvem ir\u00e1 cuidar do resto.&nbsp;<\/p>\n\n\n\n<p>&#8211;&gt; Tudo pode ser automatizado e \u00e9 poss\u00edvel obter relat\u00f3rios peri\u00f3dicos.<\/p>\n\n\n\n<h3 class=\"wp-block-heading\"><strong>Seguran\u00e7a e recupera\u00e7\u00e3o de desastres<\/strong><\/h3>\n\n\n\n<p>Para quem procura mais prote\u00e7\u00e3o, as op\u00e7\u00f5es de replica\u00e7\u00e3o geogr\u00e1fica podem fazer v\u00e1rias c\u00f3pias de seus dados nas regi\u00f5es.<\/p>\n\n\n\n<p>Alguns oferecem a replica\u00e7\u00e3o geogr\u00e1fica como uma op\u00e7\u00e3o de classe de armazenamento, enquanto outros s\u00e3o capazes de mover rapidamente os dados entre os datacenters. Seus backups estar\u00e3o muito bem protegidos.<\/p>\n\n\n\n<h3 class=\"wp-block-heading\"><strong>Servi\u00e7o escal\u00e1vel<\/strong><\/h3>\n\n\n\n<p>O armazenamento em nuvem permite dimensionamento vertical e horizontal. E o melhor: a empresa paga apenas pelos recursos que realmente usa.&nbsp;<\/p>\n\n\n\n<p>Voc\u00ea pode dimensionar seu ambiente de hospedagem em nuvem sempre que necess\u00e1rio e tamb\u00e9m pode definir os atributos de escalonamento. Isso garante flexibilidade e previsibilidade de investimentos. <\/p>\n\n\n\n<p>Al\u00e9m da tranquilidade de aumentar os recursos tecnol\u00f3gicos no momento em que as demandas aumentam.<\/p>\n\n\n\n<h3 class=\"wp-block-heading\"><strong>Sincroniza\u00e7\u00e3o<\/strong><\/h3>\n\n\n\n<p>Com o armazenamento em nuvem, seus dispositivos podem ser seus pontos de acesso. \u00c9 poss\u00edvel acessar arquivos e sincroniz\u00e1-los com qualquer dispositivo atrav\u00e9s de uma conex\u00e3o com a internet. <\/p>\n\n\n\n<p>A tecnologia marca o fim do estresse de transferir os documentos de um dispositivo para outro.<\/p>\n\n\n\n<h3 class=\"wp-block-heading\"><strong>Colabora\u00e7\u00e3o<\/strong><\/h3>\n\n\n\n<p>A nuvem tamb\u00e9m \u00e9 uma plataforma ideal para fins de colabora\u00e7\u00e3o porque permite que v\u00e1rias pessoas acessem, editem e colaborem em um \u00fanico arquivo ou documento \u2013 de qualquer lugar do mundo e em tempo real.&nbsp;<\/p>\n\n\n\n<h3 class=\"wp-block-heading\"><strong>Usabilidade e acessibilidade<\/strong><\/h3>\n\n\n\n<p>Os arquivos armazenados podem ser facilmente acessados \u200b\u200bde qualquer lugar do mundo com apenas alguns cliques e uma conex\u00e3o com a internet \u2013 sem necessidade de nenhum conhecimento t\u00e9cnico para isso.<\/p>\n\n\n\n<p>Se quiser saber mais sobre esse assunto e entender tudo sobre nuvem, baixe agora nosso guia completo sobre <strong>Cloud Computing<\/strong>. Basta clicar no banner abaixo.&nbsp;<\/p>\n\n\n<div class=\"wp-block-image\">\n<figure class=\"aligncenter size-large is-resized\"><a href=\"https:\/\/content.mjvinnovation.com\/pt-br\/ebook\/cloud-computing\" target=\"_blank\" rel=\"noopener\"><img decoding=\"async\" data-src=\"https:\/\/www.mjvinnovation.com\/wp-content\/uploads\/2022\/02\/790x410_email_CTA_cloud-computing.jpg\" alt=\"\" class=\"wp-image-23087 lazyload\" width=\"526\" height=\"272\" data-srcset=\"https:\/\/www.mjvinnovation.com\/wp-content\/uploads\/2022\/02\/790x410_email_CTA_cloud-computing.jpg 790w, https:\/\/www.mjvinnovation.com\/wp-content\/uploads\/2022\/02\/790x410_email_CTA_cloud-computing-720x374.jpg 720w, https:\/\/www.mjvinnovation.com\/wp-content\/uploads\/2022\/02\/790x410_email_CTA_cloud-computing-285x148.jpg 285w, https:\/\/www.mjvinnovation.com\/wp-content\/uploads\/2022\/02\/790x410_email_CTA_cloud-computing-768x399.jpg 768w\" data-sizes=\"(max-width: 526px) 100vw, 526px\" src=\"data:image\/svg+xml;base64,PHN2ZyB3aWR0aD0iMSIgaGVpZ2h0PSIxIiB4bWxucz0iaHR0cDovL3d3dy53My5vcmcvMjAwMC9zdmciPjwvc3ZnPg==\" style=\"--smush-placeholder-width: 526px; --smush-placeholder-aspect-ratio: 526\/272;\" \/><\/a><\/figure><\/div>","protected":false},"excerpt":{"rendered":"Nenhuma empresa pode dizer que assumiu sua transforma\u00e7\u00e3o digital se ainda n\u00e3o utiliza algum grau de armazenamento em nuvem. Acredite: essa \u00e9 uma solu\u00e7\u00e3o que vale a pena priorizar!","protected":false},"author":6,"featured_media":22974,"comment_status":"closed","ping_status":"open","sticky":false,"template":"","format":"standard","meta":{"_acf_changed":false,"footnotes":""},"categories":[147],"tags":[],"class_list":["post-9388","post","type-post","status-publish","format-standard","has-post-thumbnail","hentry","category-transformacao-digital"],"acf":[],"yoast_head":"<!-- This site is optimized with the Yoast SEO plugin v26.0 - https:\/\/yoast.com\/wordpress\/plugins\/seo\/ -->\n<title>7 vantagens de usar o armazenamento em nuvem na sua empresa - MJV<\/title>\n<meta name=\"description\" content=\"Nenhuma empresa pode dizer que assumiu sua transforma\u00e7\u00e3o digital se ainda n\u00e3o utiliza algum grau de armazenamento em nuvem, saiba mais.\" \/>\n<meta name=\"robots\" content=\"index, follow, max-snippet:-1, max-image-preview:large, max-video-preview:-1\" \/>\n<link rel=\"canonical\" href=\"https:\/\/www.mjvinnovation.com\/pt-br\/blog\/armazenamento-em-nuvem\/\" \/>\n<meta property=\"og:locale\" content=\"pt_BR\" \/>\n<meta property=\"og:type\" content=\"article\" \/>\n<meta property=\"og:title\" content=\"7 vantagens de usar o armazenamento em nuvem na sua empresa - MJV\" \/>\n<meta property=\"og:description\" content=\"Nenhuma empresa pode dizer que assumiu sua transforma\u00e7\u00e3o digital se ainda n\u00e3o utiliza algum grau de armazenamento em nuvem, saiba mais.\" \/>\n<meta property=\"og:url\" content=\"https:\/\/www.mjvinnovation.com\/pt-br\/blog\/armazenamento-em-nuvem\/\" \/>\n<meta property=\"og:site_name\" content=\"MJV Technology &amp; Innovation\" \/>\n<meta property=\"article:publisher\" content=\"https:\/\/www.facebook.com\/mjvinnovation\/\" \/>\n<meta property=\"article:published_time\" content=\"2022-02-16T12:20:40+00:00\" \/>\n<meta property=\"article:modified_time\" content=\"2023-08-03T20:13:52+00:00\" \/>\n<meta property=\"og:image\" content=\"https:\/\/www.mjvinnovation.com\/wp-content\/uploads\/2019\/10\/cloud-capa-1.jpg\" \/>\n\t<meta property=\"og:image:width\" content=\"1920\" \/>\n\t<meta property=\"og:image:height\" content=\"1080\" \/>\n\t<meta property=\"og:image:type\" content=\"image\/jpeg\" \/>\n<meta name=\"author\" content=\"MJV Team\" \/>\n<meta name=\"twitter:card\" content=\"summary_large_image\" \/>\n<meta name=\"twitter:creator\" content=\"@MJVinnovation\" \/>\n<meta name=\"twitter:site\" content=\"@MJVinnovation\" \/>\n<meta name=\"twitter:label1\" content=\"Escrito por\" \/>\n\t<meta name=\"twitter:data1\" content=\"MJV Team\" \/>\n\t<meta name=\"twitter:label2\" content=\"Est. tempo de leitura\" \/>\n\t<meta name=\"twitter:data2\" content=\"8 minutos\" \/>\n<script type=\"application\/ld+json\" class=\"yoast-schema-graph\">{\"@context\":\"https:\/\/schema.org\",\"@graph\":[{\"@type\":\"Article\",\"@id\":\"https:\/\/www.mjvinnovation.com\/pt-br\/blog\/armazenamento-em-nuvem\/#article\",\"isPartOf\":{\"@id\":\"https:\/\/www.mjvinnovation.com\/pt-br\/blog\/armazenamento-em-nuvem\/\"},\"author\":{\"name\":\"MJV Team\",\"@id\":\"https:\/\/www.mjvinnovation.com\/pt-br\/#\/schema\/person\/5080b5d5134aa2a636596e1c04c0fc99\"},\"headline\":\"7 vantagens de usar o armazenamento em nuvem na sua empresa\",\"datePublished\":\"2022-02-16T12:20:40+00:00\",\"dateModified\":\"2023-08-03T20:13:52+00:00\",\"mainEntityOfPage\":{\"@id\":\"https:\/\/www.mjvinnovation.com\/pt-br\/blog\/armazenamento-em-nuvem\/\"},\"wordCount\":1907,\"publisher\":{\"@id\":\"https:\/\/www.mjvinnovation.com\/pt-br\/#organization\"},\"image\":{\"@id\":\"https:\/\/www.mjvinnovation.com\/pt-br\/blog\/armazenamento-em-nuvem\/#primaryimage\"},\"thumbnailUrl\":\"https:\/\/www.mjvinnovation.com\/wp-content\/uploads\/2019\/10\/cloud-capa-1.jpg\",\"articleSection\":[\"Transforma\u00e7\u00e3o Digital\"],\"inLanguage\":\"pt-BR\"},{\"@type\":\"WebPage\",\"@id\":\"https:\/\/www.mjvinnovation.com\/pt-br\/blog\/armazenamento-em-nuvem\/\",\"url\":\"https:\/\/www.mjvinnovation.com\/pt-br\/blog\/armazenamento-em-nuvem\/\",\"name\":\"7 vantagens de usar o armazenamento em nuvem na sua empresa - MJV\",\"isPartOf\":{\"@id\":\"https:\/\/www.mjvinnovation.com\/pt-br\/#website\"},\"primaryImageOfPage\":{\"@id\":\"https:\/\/www.mjvinnovation.com\/pt-br\/blog\/armazenamento-em-nuvem\/#primaryimage\"},\"image\":{\"@id\":\"https:\/\/www.mjvinnovation.com\/pt-br\/blog\/armazenamento-em-nuvem\/#primaryimage\"},\"thumbnailUrl\":\"https:\/\/www.mjvinnovation.com\/wp-content\/uploads\/2019\/10\/cloud-capa-1.jpg\",\"datePublished\":\"2022-02-16T12:20:40+00:00\",\"dateModified\":\"2023-08-03T20:13:52+00:00\",\"description\":\"Nenhuma empresa pode dizer que assumiu sua transforma\u00e7\u00e3o digital se ainda n\u00e3o utiliza algum grau de armazenamento em nuvem, saiba mais.\",\"breadcrumb\":{\"@id\":\"https:\/\/www.mjvinnovation.com\/pt-br\/blog\/armazenamento-em-nuvem\/#breadcrumb\"},\"inLanguage\":\"pt-BR\",\"potentialAction\":[{\"@type\":\"ReadAction\",\"target\":[\"https:\/\/www.mjvinnovation.com\/pt-br\/blog\/armazenamento-em-nuvem\/\"]}]},{\"@type\":\"ImageObject\",\"inLanguage\":\"pt-BR\",\"@id\":\"https:\/\/www.mjvinnovation.com\/pt-br\/blog\/armazenamento-em-nuvem\/#primaryimage\",\"url\":\"https:\/\/www.mjvinnovation.com\/wp-content\/uploads\/2019\/10\/cloud-capa-1.jpg\",\"contentUrl\":\"https:\/\/www.mjvinnovation.com\/wp-content\/uploads\/2019\/10\/cloud-capa-1.jpg\",\"width\":1920,\"height\":1080,\"caption\":\"imagem de uma tela com nuvem no centro fazendo refer\u00eancia ao armazenamento em nuvem\"},{\"@type\":\"BreadcrumbList\",\"@id\":\"https:\/\/www.mjvinnovation.com\/pt-br\/blog\/armazenamento-em-nuvem\/#breadcrumb\",\"itemListElement\":[{\"@type\":\"ListItem\",\"position\":1,\"name\":\"Home\",\"item\":\"https:\/\/www.mjvinnovation.com\/pt-br\/\"},{\"@type\":\"ListItem\",\"position\":2,\"name\":\"7 vantagens de usar o armazenamento em nuvem na sua empresa\"}]},{\"@type\":\"WebSite\",\"@id\":\"https:\/\/www.mjvinnovation.com\/pt-br\/#website\",\"url\":\"https:\/\/www.mjvinnovation.com\/pt-br\/\",\"name\":\"MJV Technology &amp; Innovation\",\"description\":\"We are people transforming business\",\"publisher\":{\"@id\":\"https:\/\/www.mjvinnovation.com\/pt-br\/#organization\"},\"potentialAction\":[{\"@type\":\"SearchAction\",\"target\":{\"@type\":\"EntryPoint\",\"urlTemplate\":\"https:\/\/www.mjvinnovation.com\/pt-br\/?s={search_term_string}\"},\"query-input\":{\"@type\":\"PropertyValueSpecification\",\"valueRequired\":true,\"valueName\":\"search_term_string\"}}],\"inLanguage\":\"pt-BR\"},{\"@type\":\"Organization\",\"@id\":\"https:\/\/www.mjvinnovation.com\/pt-br\/#organization\",\"name\":\"MJV Technology and Innovation\",\"url\":\"https:\/\/www.mjvinnovation.com\/pt-br\/\",\"logo\":{\"@type\":\"ImageObject\",\"inLanguage\":\"pt-BR\",\"@id\":\"https:\/\/www.mjvinnovation.com\/pt-br\/#\/schema\/logo\/image\/\",\"url\":\"https:\/\/www.mjvinnovation.com\/wp-content\/uploads\/2021\/07\/logo_mjv_favicon.png\",\"contentUrl\":\"https:\/\/www.mjvinnovation.com\/wp-content\/uploads\/2021\/07\/logo_mjv_favicon.png\",\"width\":128,\"height\":128,\"caption\":\"MJV Technology and Innovation\"},\"image\":{\"@id\":\"https:\/\/www.mjvinnovation.com\/pt-br\/#\/schema\/logo\/image\/\"},\"sameAs\":[\"https:\/\/www.facebook.com\/mjvinnovation\/\",\"https:\/\/x.com\/MJVinnovation\",\"https:\/\/www.instagram.com\/mjvinnovation\/\",\"https:\/\/www.linkedin.com\/company\/mjv-tech-and-innovation\",\"https:\/\/www.youtube.com\/channel\/UCUlTs06JlXwUd09Jzg9kqDA\"]},{\"@type\":\"Person\",\"@id\":\"https:\/\/www.mjvinnovation.com\/pt-br\/#\/schema\/person\/5080b5d5134aa2a636596e1c04c0fc99\",\"name\":\"MJV Team\"}]}<\/script>\n<!-- \/ Yoast SEO plugin. -->","yoast_head_json":{"title":"7 vantagens de usar o armazenamento em nuvem na sua empresa - MJV","description":"Nenhuma empresa pode dizer que assumiu sua transforma\u00e7\u00e3o digital se ainda n\u00e3o utiliza algum grau de armazenamento em nuvem, saiba mais.","robots":{"index":"index","follow":"follow","max-snippet":"max-snippet:-1","max-image-preview":"max-image-preview:large","max-video-preview":"max-video-preview:-1"},"canonical":"https:\/\/www.mjvinnovation.com\/pt-br\/blog\/armazenamento-em-nuvem\/","og_locale":"pt_BR","og_type":"article","og_title":"7 vantagens de usar o armazenamento em nuvem na sua empresa - MJV","og_description":"Nenhuma empresa pode dizer que assumiu sua transforma\u00e7\u00e3o digital se ainda n\u00e3o utiliza algum grau de armazenamento em nuvem, saiba mais.","og_url":"https:\/\/www.mjvinnovation.com\/pt-br\/blog\/armazenamento-em-nuvem\/","og_site_name":"MJV Technology &amp; Innovation","article_publisher":"https:\/\/www.facebook.com\/mjvinnovation\/","article_published_time":"2022-02-16T12:20:40+00:00","article_modified_time":"2023-08-03T20:13:52+00:00","og_image":[{"width":1920,"height":1080,"url":"https:\/\/www.mjvinnovation.com\/wp-content\/uploads\/2019\/10\/cloud-capa-1.jpg","type":"image\/jpeg"}],"author":"MJV Team","twitter_card":"summary_large_image","twitter_creator":"@MJVinnovation","twitter_site":"@MJVinnovation","twitter_misc":{"Escrito por":"MJV Team","Est. tempo de leitura":"8 minutos"},"schema":{"@context":"https:\/\/schema.org","@graph":[{"@type":"Article","@id":"https:\/\/www.mjvinnovation.com\/pt-br\/blog\/armazenamento-em-nuvem\/#article","isPartOf":{"@id":"https:\/\/www.mjvinnovation.com\/pt-br\/blog\/armazenamento-em-nuvem\/"},"author":{"name":"MJV Team","@id":"https:\/\/www.mjvinnovation.com\/pt-br\/#\/schema\/person\/5080b5d5134aa2a636596e1c04c0fc99"},"headline":"7 vantagens de usar o armazenamento em nuvem na sua empresa","datePublished":"2022-02-16T12:20:40+00:00","dateModified":"2023-08-03T20:13:52+00:00","mainEntityOfPage":{"@id":"https:\/\/www.mjvinnovation.com\/pt-br\/blog\/armazenamento-em-nuvem\/"},"wordCount":1907,"publisher":{"@id":"https:\/\/www.mjvinnovation.com\/pt-br\/#organization"},"image":{"@id":"https:\/\/www.mjvinnovation.com\/pt-br\/blog\/armazenamento-em-nuvem\/#primaryimage"},"thumbnailUrl":"https:\/\/www.mjvinnovation.com\/wp-content\/uploads\/2019\/10\/cloud-capa-1.jpg","articleSection":["Transforma\u00e7\u00e3o Digital"],"inLanguage":"pt-BR"},{"@type":"WebPage","@id":"https:\/\/www.mjvinnovation.com\/pt-br\/blog\/armazenamento-em-nuvem\/","url":"https:\/\/www.mjvinnovation.com\/pt-br\/blog\/armazenamento-em-nuvem\/","name":"7 vantagens de usar o armazenamento em nuvem na sua empresa - MJV","isPartOf":{"@id":"https:\/\/www.mjvinnovation.com\/pt-br\/#website"},"primaryImageOfPage":{"@id":"https:\/\/www.mjvinnovation.com\/pt-br\/blog\/armazenamento-em-nuvem\/#primaryimage"},"image":{"@id":"https:\/\/www.mjvinnovation.com\/pt-br\/blog\/armazenamento-em-nuvem\/#primaryimage"},"thumbnailUrl":"https:\/\/www.mjvinnovation.com\/wp-content\/uploads\/2019\/10\/cloud-capa-1.jpg","datePublished":"2022-02-16T12:20:40+00:00","dateModified":"2023-08-03T20:13:52+00:00","description":"Nenhuma empresa pode dizer que assumiu sua transforma\u00e7\u00e3o digital se ainda n\u00e3o utiliza algum grau de armazenamento em nuvem, saiba mais.","breadcrumb":{"@id":"https:\/\/www.mjvinnovation.com\/pt-br\/blog\/armazenamento-em-nuvem\/#breadcrumb"},"inLanguage":"pt-BR","potentialAction":[{"@type":"ReadAction","target":["https:\/\/www.mjvinnovation.com\/pt-br\/blog\/armazenamento-em-nuvem\/"]}]},{"@type":"ImageObject","inLanguage":"pt-BR","@id":"https:\/\/www.mjvinnovation.com\/pt-br\/blog\/armazenamento-em-nuvem\/#primaryimage","url":"https:\/\/www.mjvinnovation.com\/wp-content\/uploads\/2019\/10\/cloud-capa-1.jpg","contentUrl":"https:\/\/www.mjvinnovation.com\/wp-content\/uploads\/2019\/10\/cloud-capa-1.jpg","width":1920,"height":1080,"caption":"imagem de uma tela com nuvem no centro fazendo refer\u00eancia ao armazenamento em nuvem"},{"@type":"BreadcrumbList","@id":"https:\/\/www.mjvinnovation.com\/pt-br\/blog\/armazenamento-em-nuvem\/#breadcrumb","itemListElement":[{"@type":"ListItem","position":1,"name":"Home","item":"https:\/\/www.mjvinnovation.com\/pt-br\/"},{"@type":"ListItem","position":2,"name":"7 vantagens de usar o armazenamento em nuvem na sua empresa"}]},{"@type":"WebSite","@id":"https:\/\/www.mjvinnovation.com\/pt-br\/#website","url":"https:\/\/www.mjvinnovation.com\/pt-br\/","name":"MJV Technology &amp; Innovation","description":"We are people transforming business","publisher":{"@id":"https:\/\/www.mjvinnovation.com\/pt-br\/#organization"},"potentialAction":[{"@type":"SearchAction","target":{"@type":"EntryPoint","urlTemplate":"https:\/\/www.mjvinnovation.com\/pt-br\/?s={search_term_string}"},"query-input":{"@type":"PropertyValueSpecification","valueRequired":true,"valueName":"search_term_string"}}],"inLanguage":"pt-BR"},{"@type":"Organization","@id":"https:\/\/www.mjvinnovation.com\/pt-br\/#organization","name":"MJV Technology and Innovation","url":"https:\/\/www.mjvinnovation.com\/pt-br\/","logo":{"@type":"ImageObject","inLanguage":"pt-BR","@id":"https:\/\/www.mjvinnovation.com\/pt-br\/#\/schema\/logo\/image\/","url":"https:\/\/www.mjvinnovation.com\/wp-content\/uploads\/2021\/07\/logo_mjv_favicon.png","contentUrl":"https:\/\/www.mjvinnovation.com\/wp-content\/uploads\/2021\/07\/logo_mjv_favicon.png","width":128,"height":128,"caption":"MJV Technology and Innovation"},"image":{"@id":"https:\/\/www.mjvinnovation.com\/pt-br\/#\/schema\/logo\/image\/"},"sameAs":["https:\/\/www.facebook.com\/mjvinnovation\/","https:\/\/x.com\/MJVinnovation","https:\/\/www.instagram.com\/mjvinnovation\/","https:\/\/www.linkedin.com\/company\/mjv-tech-and-innovation","https:\/\/www.youtube.com\/channel\/UCUlTs06JlXwUd09Jzg9kqDA"]},{"@type":"Person","@id":"https:\/\/www.mjvinnovation.com\/pt-br\/#\/schema\/person\/5080b5d5134aa2a636596e1c04c0fc99","name":"MJV Team"}]}},"_links":{"self":[{"href":"https:\/\/www.mjvinnovation.com\/pt-br\/wp-json\/wp\/v2\/posts\/9388","targetHints":{"allow":["GET"]}}],"collection":[{"href":"https:\/\/www.mjvinnovation.com\/pt-br\/wp-json\/wp\/v2\/posts"}],"about":[{"href":"https:\/\/www.mjvinnovation.com\/pt-br\/wp-json\/wp\/v2\/types\/post"}],"author":[{"embeddable":true,"href":"https:\/\/www.mjvinnovation.com\/pt-br\/wp-json\/wp\/v2\/users\/6"}],"replies":[{"embeddable":true,"href":"https:\/\/www.mjvinnovation.com\/pt-br\/wp-json\/wp\/v2\/comments?post=9388"}],"version-history":[{"count":17,"href":"https:\/\/www.mjvinnovation.com\/pt-br\/wp-json\/wp\/v2\/posts\/9388\/revisions"}],"predecessor-version":[{"id":39042,"href":"https:\/\/www.mjvinnovation.com\/pt-br\/wp-json\/wp\/v2\/posts\/9388\/revisions\/39042"}],"wp:featuredmedia":[{"embeddable":true,"href":"https:\/\/www.mjvinnovation.com\/pt-br\/wp-json\/wp\/v2\/media\/22974"}],"wp:attachment":[{"href":"https:\/\/www.mjvinnovation.com\/pt-br\/wp-json\/wp\/v2\/media?parent=9388"}],"wp:term":[{"taxonomy":"category","embeddable":true,"href":"https:\/\/www.mjvinnovation.com\/pt-br\/wp-json\/wp\/v2\/categories?post=9388"},{"taxonomy":"post_tag","embeddable":true,"href":"https:\/\/www.mjvinnovation.com\/pt-br\/wp-json\/wp\/v2\/tags?post=9388"}],"curies":[{"name":"wp","href":"https:\/\/api.w.org\/{rel}","templated":true}]}}