{"id":46789,"date":"2025-10-24T15:10:57","date_gmt":"2025-10-24T18:10:57","guid":{"rendered":"https:\/\/www.mjvinnovation.com\/?p=46789"},"modified":"2025-10-28T14:22:54","modified_gmt":"2025-10-28T17:22:54","slug":"quais-sao-os-principais-conceitos-envolvidos-na-integracao-de-ia-e-gestao-da-mudanca","status":"publish","type":"post","link":"https:\/\/www.mjvinnovation.com\/pt-br\/blog\/quais-sao-os-principais-conceitos-envolvidos-na-integracao-de-ia-e-gestao-da-mudanca\/","title":{"rendered":"Quais s\u00e3o os principais conceitos envolvidos na integra\u00e7\u00e3o de IA e gest\u00e3o da mudan\u00e7a?"},"content":{"rendered":"\n<p>A gest\u00e3o de transforma\u00e7\u00f5es organizacionais sempre se baseou em metodologias, comunica\u00e7\u00e3o e na intui\u00e7\u00e3o da lideran\u00e7a para superar desafios. No entanto, a integra\u00e7\u00e3o da <strong>Intelig\u00eancia Artificial (IA) na gest\u00e3o da mudan\u00e7a<\/strong> inaugura uma nova era, onde a tomada de decis\u00e3o deixa de ser puramente reativa para se tornar preditiva. Ao aplicar IA, as empresas podem analisar dados em tempo real para antecipar resist\u00eancias, personalizar a comunica\u00e7\u00e3o e otimizar a capacita\u00e7\u00e3o das equipes, transformando o processo de mudan\u00e7a em uma jornada mais inteligente e orientada por evid\u00eancias.<\/p>\n\n\n\n<p>Continue a leitura e mergulhe nos principais conceitos que unem IA e gest\u00e3o da mudan\u00e7a, desde o monitoramento de KPIs preditivos at\u00e9 a cria\u00e7\u00e3o de uma cultura organizacional data-driven. Ao final deste guia, voc\u00ea ter\u00e1 um framework completo para entender como a IA n\u00e3o apenas apoia, mas potencializa o lado humano da mudan\u00e7a, tornando suas iniciativas de transforma\u00e7\u00e3o mais \u00e1geis, eficazes e sustent\u00e1veis.<\/p>\n\n\n\n<h2 class=\"wp-block-heading\"><strong>Introdu\u00e7\u00e3o \u00e0 gest\u00e3o da mudan\u00e7a com intelig\u00eancia artificial<\/strong><\/h2>\n\n\n\n<h3 class=\"wp-block-heading\"><strong>O que \u00e9 gest\u00e3o da mudan\u00e7a com IA?<\/strong><\/h3>\n\n\n\n<p>Gest\u00e3o da mudan\u00e7a com intelig\u00eancia artificial refere-se \u00e0 aplica\u00e7\u00e3o de recursos e ferramentas de IA para facilitar, acelerar e otimizar processos de transforma\u00e7\u00e3o organizacional, considerando o impacto tecnol\u00f3gico, humano e cultural nas equipes e estruturas empresariais.<\/p>\n\n\n\n<h3 class=\"wp-block-heading\"><strong>Mudan\u00e7a tradicional versus mudan\u00e7a impulsionada por IA<\/strong><\/h3>\n\n\n\n<p>Enquanto a gest\u00e3o tradicional foca em processos, comunica\u00e7\u00e3o e resist\u00eancia humana, a integra\u00e7\u00e3o da IA redefine a mudan\u00e7a atrav\u00e9s de an\u00e1lises preditivas, automa\u00e7\u00e3o e suporte \u00e0 decis\u00e3o, tornando o processo mais din\u00e2mico e adaptativo.<\/p>\n\n\n\n<h2 class=\"wp-block-heading\"><strong>Estado da arte: Como a IA redefine os princ\u00edpios da gest\u00e3o da mudan\u00e7a<\/strong><\/h2>\n\n\n\n<h3 class=\"wp-block-heading\"><strong>Automa\u00e7\u00e3o e an\u00e1lise baseada em dados<\/strong><\/h3>\n\n\n\n<p>A IA permite monitorar em tempo real o comportamento dos colaboradores, prever poss\u00edveis resist\u00eancias e identificar \u00e1reas cr\u00edticas para interven\u00e7\u00e3o, facilitando uma gest\u00e3o proativa da mudan\u00e7a.<\/p>\n\n\n\n<h3 class=\"wp-block-heading\"><strong>Experi\u00eancia centrada no colaborador<\/strong><\/h3>\n\n\n\n<p>Ferramentas inteligentes personalizam treinamentos, comunicados e suportes, aumentando engajamento e reduzindo resist\u00eancias durante a transi\u00e7\u00e3o.<\/p>\n\n\n\n<h3 class=\"wp-block-heading\"><strong>Suporte \u00e0 tomada de decis\u00e3o estrat\u00e9gica<\/strong><\/h3>\n\n\n\n<p>A IA oferece insights valiosos para l\u00edderes ajustarem o ritmo da mudan\u00e7a, identificar riscos e adaptar planos conforme evolu\u00e7\u00e3o do cen\u00e1rio interno e externo.<\/p>\n\n\n\n<h2 class=\"wp-block-heading\"><strong>Principais conceitos na integra\u00e7\u00e3o de IA e gest\u00e3o da mudan\u00e7a<\/strong><\/h2>\n\n\n\n<h3 class=\"wp-block-heading\"><strong>1. Estados da mudan\u00e7a adaptados \u00e0 era digital<\/strong><\/h3>\n\n\n\n<ul class=\"wp-block-list\">\n<li><strong>Estado Atual:<\/strong> Identifica\u00e7\u00e3o detalhada do status quo com an\u00e1lise de dados para mapear processos e comportamentos vigentes.<\/li>\n\n\n\n<li><strong>Estado de Transi\u00e7\u00e3o:<\/strong> Utiliza\u00e7\u00e3o de IA para monitorar incertezas, gerenciar comunica\u00e7\u00e3o e personalizar apoio individual durante a adapta\u00e7\u00e3o.<\/li>\n\n\n\n<li><strong>Estado Futuro:<\/strong> Consolida\u00e7\u00e3o do novo ambiente com monitoramento cont\u00ednuo via IA para garantir sustentabilidade e melhorias constantes.<\/li>\n<\/ul>\n\n\n\n<h3 class=\"wp-block-heading\"><strong>2. Gest\u00e3o da resist\u00eancia intensificada pela intelig\u00eancia artificial<\/strong><\/h3>\n\n\n\n<p>Reconhecer e interpretar sinais de resist\u00eancia por meio de algoritmos que detectam mudan\u00e7as no padr\u00e3o de trabalho e engajamento, permitindo interven\u00e7\u00f5es orientadas e tempestivas.<\/p>\n\n\n\n<h3 class=\"wp-block-heading\"><strong>3. Capacita\u00e7\u00e3o e Upskilling baseada em IA<\/strong><\/h3>\n\n\n\n<p>Programas de treinamento adaptativos que usam IA para mapear lacunas de conhecimento e oferecer conte\u00fado customizado para acelerar o aprendizado.<\/p>\n\n\n\n<h3 class=\"wp-block-heading\"><strong>4. Monitoramento e m\u00e9tricas preditivas<\/strong><\/h3>\n\n\n\n<p>Uso de KPIs inteligentes que n\u00e3o apenas medem o progresso da mudan\u00e7a, mas tamb\u00e9m antecipam desafios futuros, garantindo ajustes din\u00e2micos na gest\u00e3o.<\/p>\n\n\n\n<h3 class=\"wp-block-heading\"><strong>5. Cultura organizacional data-driven<\/strong><\/h3>\n\n\n\n<p>A IA promove uma cultura de decis\u00f5es baseadas em dados, incentivando transpar\u00eancia e agilidade na adapta\u00e7\u00e3o das equipes.<\/p>\n\n\n\n<p>Veja tamb\u00e9m: <a href=\"https:\/\/www.mjvinnovation.com\/pt-br\/blog\/estrategia-integracao-ia-planos-de-mudanca\/\">Como desenvolver uma estrat\u00e9gia eficaz para integrar IA nos planos de mudan\u00e7a<\/a><\/p>\n\n\n\n<h2 class=\"wp-block-heading\"><strong>Como implementar a integra\u00e7\u00e3o de IA na gest\u00e3o da mudan\u00e7a: passo a passo<\/strong><\/h2>\n\n\n\n<h3 class=\"wp-block-heading\"><strong>Diagn\u00f3stico com suporte de IA<\/strong><\/h3>\n\n\n\n<p>Utilizar ferramentas para mapear processos atuais, sentimentos dos colaboradores e identificar pontos cr\u00edticos da mudan\u00e7a.<\/p>\n\n\n\n<h3 class=\"wp-block-heading\"><strong>Planejamento din\u00e2mico e segmentado<\/strong><\/h3>\n\n\n\n<p>Desenvolver planos que contemplem diferentes perfis e necessidades por meio de an\u00e1lises avan\u00e7adas.<\/p>\n\n\n\n<h3 class=\"wp-block-heading\"><strong>Comunica\u00e7\u00e3o personalizada<\/strong><\/h3>\n\n\n\n<p>Empregar IA para segmentar p\u00fablicos internos e enviar mensagens customizadas que promovam entendimento e engajamento.<\/p>\n\n\n\n<h3 class=\"wp-block-heading\"><strong>Capacita\u00e7\u00e3o cont\u00ednua<\/strong><\/h3>\n\n\n\n<p>Oferecer treinamentos adaptativos e feedbacks em tempo real, maximizando a absor\u00e7\u00e3o do conhecimento.<\/p>\n\n\n\n<h3 class=\"wp-block-heading\"><strong>Monitoramento e adapta\u00e7\u00e3o constantes<\/strong><\/h3>\n\n\n\n<p>Implementar dashboards de performance com indicadores preditivos para ajustes \u00e1geis durante toda a jornada.<\/p>\n\n\n\n<h2 class=\"wp-block-heading\"><strong>Mitos e verdades sobre IA na gest\u00e3o da mudan\u00e7a<\/strong><\/h2>\n\n\n\n<ul class=\"wp-block-list\">\n<li><strong>Mito:<\/strong> IA substitui a necessidade de lideran\u00e7a humana na mudan\u00e7a.<br><strong>Verdade:<\/strong> IA \u00e9 ferramenta de apoio que potencializa a lideran\u00e7a, mas o fator humano \u00e9 insubstitu\u00edvel.<\/li>\n\n\n\n<li><strong>Mito:<\/strong> A mudan\u00e7a com IA ser\u00e1 r\u00e1pida e sem resist\u00eancias.<br><strong>Verdade:<\/strong> A mudan\u00e7a \u00e9 um processo complexo e n\u00e3o linear, que exige engajamento e suporte cont\u00ednuo mesmo com IA.<\/li>\n\n\n\n<li><strong>Mito:<\/strong> IA resolve todos os problemas culturais automaticamente.<br><strong>Verdade:<\/strong> IA auxilia na identifica\u00e7\u00e3o e tratamento, mas a transforma\u00e7\u00e3o cultural depende de a\u00e7\u00f5es humanas coordenadas.<\/li>\n<\/ul>\n\n\n\n<h2 class=\"wp-block-heading\"><strong>Erros comuns na integra\u00e7\u00e3o de IA com a gest\u00e3o da mudan\u00e7a<\/strong><\/h2>\n\n\n\n<ul class=\"wp-block-list\">\n<li>Ignorar o preparo humano, focando somente em tecnologia.<\/li>\n\n\n\n<li>Subestimar o impacto cultural e a necessidade de comunica\u00e7\u00e3o clara.<\/li>\n\n\n\n<li>N\u00e3o capacitar l\u00edderes e colaboradores para o uso das novas ferramentas.<\/li>\n\n\n\n<li>Desconsiderar m\u00e9tricas qualitativas e s\u00f3 medir dados quantitativos.<\/li>\n<\/ul>\n\n\n\n<h2 class=\"wp-block-heading\"><strong>Checklist r\u00e1pido para integrar IA na gest\u00e3o da mudan\u00e7a<\/strong><\/h2>\n\n\n\n<ul class=\"wp-block-list\">\n<li>Mapear o estado atual com an\u00e1lises de dados.<\/li>\n\n\n\n<li>Definir m\u00e9tricas claras e preditivas.<\/li>\n\n\n\n<li>Implementar treinamentos personalizados via IA.<\/li>\n\n\n\n<li>Monitorar comunica\u00e7\u00e3o e engajamento com ferramentas inteligentes.<\/li>\n\n\n\n<li>Ajustar estrat\u00e9gias com feedback cont\u00ednuo.<\/li>\n\n\n\n<li>Fomentar cultura data-driven e adaptativa.<\/li>\n\n\n\n<li>Manter foco no fator humano e na lideran\u00e7a.<\/li>\n<\/ul>\n\n\n\n<p>Veja tamb\u00e9m: <a href=\"https:\/\/www.mjvinnovation.com\/pt-br\/blog\/como-a-ia-redefine-os-principios-tradicionais-da-gestao-da-mudanca\/\">Como a IA redefine os princ\u00edpios tradicionais da gest\u00e3o da mudan\u00e7a<\/a><\/p>\n\n\n\n<h2 class=\"wp-block-heading\"><strong>Exemplo pr\u00e1tico: experi\u00eancia MJV<\/strong><\/h2>\n\n\n\n<p>Na MJV, adotamos a integra\u00e7\u00e3o de IA para potencializar nossa gest\u00e3o da mudan\u00e7a em clientes dos setores financeiro e varejista. Utilizamos an\u00e1lise preditiva para mapear resist\u00eancias e ferramentas de comunica\u00e7\u00e3o inteligente que aumentaram o engajamento em 35%. O uso de aprendizado adaptativo elevou a efici\u00eancia operacional e sustentou as mudan\u00e7as implementadas.<\/p>\n\n\n\n<h2 class=\"wp-block-heading\"><strong>Perguntas Relacionadas<\/strong><\/h2>\n\n\n\n<h3 class=\"wp-block-heading\"><strong>O que \u00e9 gest\u00e3o da mudan\u00e7a com intelig\u00eancia artificial?<\/strong><\/h3>\n\n\n\n<p>\u00c9 a aplica\u00e7\u00e3o de tecnologias de IA para apoiar e otimizar processos de transforma\u00e7\u00e3o organizacional, facilitando adapta\u00e7\u00e3o e redu\u00e7\u00e3o de resist\u00eancias.<\/p>\n\n\n\n<h3 class=\"wp-block-heading\"><strong>Como a IA ajuda a superar resist\u00eancias na mudan\u00e7a?<\/strong><\/h3>\n\n\n\n<p>A IA permite identificar sinais antecipados de resist\u00eancia e oferece abordagens personalizadas para comunica\u00e7\u00e3o e capacita\u00e7\u00e3o, tornando a gest\u00e3o mais eficaz.<\/p>\n\n\n\n<h3 class=\"wp-block-heading\"><strong>Quais s\u00e3o os desafios da integra\u00e7\u00e3o de IA na gest\u00e3o da mudan\u00e7a?<\/strong><\/h3>\n\n\n\n<p>Desafios incluem o equil\u00edbrio entre tecnologia e fator humano, adequa\u00e7\u00e3o cultural e capacita\u00e7\u00e3o dos colaboradores para lidar com novas ferramentas.<\/p>\n\n\n\n<h3 class=\"wp-block-heading\"><strong>Como medir o sucesso da gest\u00e3o da mudan\u00e7a com IA?<\/strong><\/h3>\n\n\n\n<p>Por meio de KPIs que combinam dados quantitativos (engajamento, performance) e qualitativos (satisfa\u00e7\u00e3o, ades\u00e3o), monitorados continuamente.<\/p>\n\n\n\n<h3 class=\"wp-block-heading\"><strong>Quais s\u00e3o os estados da mudan\u00e7a na era da IA?<\/strong><\/h3>\n\n\n\n<p>Estado Atual (an\u00e1lise do cen\u00e1rio com IA), Estado de Transi\u00e7\u00e3o (adapta\u00e7\u00e3o com suporte inteligente) e Estado Futuro (consolida\u00e7\u00e3o com monitoramento avan\u00e7ado).<\/p>\n\n\n\n<h3 class=\"wp-block-heading\"><strong>Qual o papel do l\u00edder na gest\u00e3o da mudan\u00e7a com IA?<\/strong><\/h3>\n\n\n\n<p>L\u00edderes devem atuar como facilitadores do processo, usando insights da IA para tomar decis\u00f5es informadas, comunicando-se eficazmente e engajando equipes.<\/p>\n\n\n\n<h3 class=\"wp-block-heading\"><strong>Quais tecnologias de IA s\u00e3o usadas na gest\u00e3o da mudan\u00e7a?<\/strong><\/h3>\n\n\n\n<p>Analytics preditivo, machine learning, chatbots para comunica\u00e7\u00e3o, plataformas de aprendizado adaptativo e ferramentas de monitoramento de clima organizacional.<\/p>\n\n\n\n<h3 class=\"wp-block-heading\"><strong>Como a IA promove a cultura data-driven na mudan\u00e7a?<\/strong><\/h3>\n\n\n\n<p>Ela incentiva decis\u00f5es baseadas em evid\u00eancias, visibilidade total do processo e promove transpar\u00eancia, agilidade e colabora\u00e7\u00e3o na adapta\u00e7\u00e3o.<\/p>\n\n\n\n<h3 class=\"wp-block-heading\"><strong>Quais erros evitar ao integrar IA na gest\u00e3o da mudan\u00e7a?<\/strong><\/h3>\n\n\n\n<p>Evitar focar s\u00f3 em tecnologia sem preparar pessoas, negligenciar comunica\u00e7\u00e3o e n\u00e3o acompanhar m\u00e9tricas qualitativas e quantitativas.<\/p>\n\n\n\n<h3 class=\"wp-block-heading\"><strong>Como capacitar colaboradores para a mudan\u00e7a com IA?<\/strong><\/h3>\n\n\n\n<p>Oferecendo treinamentos personalizados pela IA, feedbacks em tempo real e acompanhando o progresso individual e coletivo regularmente.<\/p>\n\n\n\n<h3 class=\"wp-block-heading\"><strong>IA substitui o contato humano na gest\u00e3o da mudan\u00e7a?<\/strong><\/h3>\n\n\n\n<p>N\u00e3o. A IA \u00e9 uma ferramenta que apoia, mas a conex\u00e3o humana, empatia e lideran\u00e7a continuam sendo essenciais para o sucesso.<\/p>\n\n\n\n<h3 class=\"wp-block-heading\"><strong>Quais benef\u00edcios a IA traz para a mudan\u00e7a organizacional?<\/strong><\/h3>\n\n\n\n<p>Maior rapidez, personaliza\u00e7\u00e3o, previsibilidade dos riscos, redu\u00e7\u00e3o da resist\u00eancia e sustentabilidade das transforma\u00e7\u00f5es.<\/p>\n\n\n\n<h3 class=\"wp-block-heading\"><strong>Como a IA impacta os processos internos durante a mudan\u00e7a?<\/strong><\/h3>\n\n\n\n<p>Automatiza rotinas, melhora a comunica\u00e7\u00e3o interna e oferece insights para melhorar a efici\u00eancia operacional.<\/p>\n\n\n\n<h3 class=\"wp-block-heading\"><strong>Qual o impacto da IA na cultura organizacional relacionada \u00e0 mudan\u00e7a?<\/strong><\/h3>\n\n\n\n<p>Fomenta uma mentalidade adaptativa, orientada a dados, colaborativa e aberta a inova\u00e7\u00f5es.<\/p>\n\n\n\n<h3 class=\"wp-block-heading\"><strong>O que considerar antes de implementar IA na gest\u00e3o da mudan\u00e7a?<\/strong><\/h3>\n\n\n\n<p>Avaliar maturidade digital, preparar lideran\u00e7as, definir objetivos claros e garantir infraestruturas adequadas.<\/p>\n\n\n\n<h3 class=\"wp-block-heading\"><strong>Como a MJV apoia a integra\u00e7\u00e3o de IA e gest\u00e3o da mudan\u00e7a?<\/strong><\/h3>\n\n\n\n<p>A MJV oferece consultoria especializada, arquitetura corporativa e solu\u00e7\u00f5es customizadas para acelerar transforma\u00e7\u00f5es sustent\u00e1veis com uso estrat\u00e9gico da IA.<\/p>\n\n\n\n<h2 class=\"wp-block-heading\"><strong>Fale com a MJV<\/strong><\/h2>\n\n\n\n<p>Quer transformar sua gest\u00e3o da mudan\u00e7a com o poder da Intelig\u00eancia Artificial? Clique <strong><a href=\"https:\/\/services.mjvinnovation.com\/pt-br\/ai-transformation\/?_gl=1*1jfxlbm*_gcl_au*NTg5NTI2MzcwLjE3NTU2MTAxNjIuMTgzMjA3OTMzNC4xNzYwNDQ3MTM1LjE3NjA0NDcxMzQ.\">aqui<\/a><\/strong> e conhe\u00e7a as solu\u00e7\u00f5es da MJV para acelerar sua jornada de transforma\u00e7\u00e3o digital com seguran\u00e7a, inova\u00e7\u00e3o e sustentabilidade.<\/p>\n","protected":false},"excerpt":{"rendered":"De reativo a preditivo: o guia para liderar transforma\u00e7\u00f5es organizacionais com o poder dos dados","protected":false},"author":34,"featured_media":46796,"comment_status":"open","ping_status":"open","sticky":false,"template":"","format":"standard","meta":{"_acf_changed":false,"footnotes":""},"categories":[40,359,79],"tags":[1499,360],"class_list":["post-46789","post","type-post","status-publish","format-standard","has-post-thumbnail","hentry","category-change-management","category-gestao-da-mudanca","category-other","tag-change-management","tag-gestao-da-mudanca"],"acf":[],"yoast_head":"<!-- This site is optimized with the Yoast SEO plugin v26.0 - https:\/\/yoast.com\/wordpress\/plugins\/seo\/ -->\n<title>Quais s\u00e3o os principais conceitos envolvidos na integra\u00e7\u00e3o de IA e gest\u00e3o da mudan\u00e7a? - MJV Technology &amp; Innovation<\/title>\n<meta name=\"robots\" content=\"index, follow, max-snippet:-1, max-image-preview:large, max-video-preview:-1\" \/>\n<link rel=\"canonical\" href=\"https:\/\/www.mjvinnovation.com\/pt-br\/blog\/quais-sao-os-principais-conceitos-envolvidos-na-integracao-de-ia-e-gestao-da-mudanca\/\" \/>\n<meta property=\"og:locale\" content=\"pt_BR\" \/>\n<meta property=\"og:type\" content=\"article\" \/>\n<meta property=\"og:title\" content=\"Quais s\u00e3o os principais conceitos envolvidos na integra\u00e7\u00e3o de IA e gest\u00e3o da mudan\u00e7a? - MJV Technology &amp; Innovation\" \/>\n<meta property=\"og:description\" content=\"De reativo a preditivo: o guia para liderar transforma\u00e7\u00f5es organizacionais com o poder dos dados\" \/>\n<meta property=\"og:url\" content=\"https:\/\/www.mjvinnovation.com\/pt-br\/blog\/quais-sao-os-principais-conceitos-envolvidos-na-integracao-de-ia-e-gestao-da-mudanca\/\" \/>\n<meta property=\"og:site_name\" content=\"MJV Technology &amp; Innovation\" \/>\n<meta property=\"article:publisher\" content=\"https:\/\/www.facebook.com\/mjvinnovation\/\" \/>\n<meta property=\"article:published_time\" content=\"2025-10-24T18:10:57+00:00\" \/>\n<meta property=\"article:modified_time\" content=\"2025-10-28T17:22:54+00:00\" \/>\n<meta property=\"og:image\" content=\"https:\/\/www.mjvinnovation.com\/wp-content\/uploads\/2025\/10\/bp-change-1-1.png\" \/>\n\t<meta property=\"og:image:width\" content=\"920\" \/>\n\t<meta property=\"og:image:height\" content=\"518\" \/>\n\t<meta property=\"og:image:type\" content=\"image\/png\" \/>\n<meta name=\"author\" content=\"Matheus Abreu\" \/>\n<meta name=\"twitter:card\" content=\"summary_large_image\" \/>\n<meta name=\"twitter:creator\" content=\"@MJVinnovation\" \/>\n<meta name=\"twitter:site\" content=\"@MJVinnovation\" \/>\n<meta name=\"twitter:label1\" content=\"Escrito por\" \/>\n\t<meta name=\"twitter:data1\" content=\"Matheus Abreu\" \/>\n\t<meta name=\"twitter:label2\" content=\"Est. tempo de leitura\" \/>\n\t<meta name=\"twitter:data2\" content=\"7 minutos\" \/>\n<script type=\"application\/ld+json\" class=\"yoast-schema-graph\">{\"@context\":\"https:\/\/schema.org\",\"@graph\":[{\"@type\":\"Article\",\"@id\":\"https:\/\/www.mjvinnovation.com\/pt-br\/blog\/quais-sao-os-principais-conceitos-envolvidos-na-integracao-de-ia-e-gestao-da-mudanca\/#article\",\"isPartOf\":{\"@id\":\"https:\/\/www.mjvinnovation.com\/pt-br\/blog\/quais-sao-os-principais-conceitos-envolvidos-na-integracao-de-ia-e-gestao-da-mudanca\/\"},\"author\":{\"name\":\"Matheus Abreu\",\"@id\":\"https:\/\/www.mjvinnovation.com\/pt-br\/#\/schema\/person\/4a307804c8b6104ef72b4874d8cc5305\"},\"headline\":\"Quais s\u00e3o os principais conceitos envolvidos na integra\u00e7\u00e3o de IA e gest\u00e3o da mudan\u00e7a?\",\"datePublished\":\"2025-10-24T18:10:57+00:00\",\"dateModified\":\"2025-10-28T17:22:54+00:00\",\"mainEntityOfPage\":{\"@id\":\"https:\/\/www.mjvinnovation.com\/pt-br\/blog\/quais-sao-os-principais-conceitos-envolvidos-na-integracao-de-ia-e-gestao-da-mudanca\/\"},\"wordCount\":1608,\"commentCount\":0,\"publisher\":{\"@id\":\"https:\/\/www.mjvinnovation.com\/pt-br\/#organization\"},\"image\":{\"@id\":\"https:\/\/www.mjvinnovation.com\/pt-br\/blog\/quais-sao-os-principais-conceitos-envolvidos-na-integracao-de-ia-e-gestao-da-mudanca\/#primaryimage\"},\"thumbnailUrl\":\"https:\/\/www.mjvinnovation.com\/wp-content\/uploads\/2025\/10\/bp-change-1-1.png\",\"keywords\":[\"change management\",\"Gest\u00e3o da Mudan\u00e7a\"],\"articleSection\":[\"Change Management\",\"Gest\u00e3o da Mudan\u00e7a\",\"Other\"],\"inLanguage\":\"pt-BR\",\"potentialAction\":[{\"@type\":\"CommentAction\",\"name\":\"Comment\",\"target\":[\"https:\/\/www.mjvinnovation.com\/pt-br\/blog\/quais-sao-os-principais-conceitos-envolvidos-na-integracao-de-ia-e-gestao-da-mudanca\/#respond\"]}]},{\"@type\":\"WebPage\",\"@id\":\"https:\/\/www.mjvinnovation.com\/pt-br\/blog\/quais-sao-os-principais-conceitos-envolvidos-na-integracao-de-ia-e-gestao-da-mudanca\/\",\"url\":\"https:\/\/www.mjvinnovation.com\/pt-br\/blog\/quais-sao-os-principais-conceitos-envolvidos-na-integracao-de-ia-e-gestao-da-mudanca\/\",\"name\":\"Quais s\u00e3o os principais conceitos envolvidos na integra\u00e7\u00e3o de IA e gest\u00e3o da mudan\u00e7a? - MJV Technology &amp; Innovation\",\"isPartOf\":{\"@id\":\"https:\/\/www.mjvinnovation.com\/pt-br\/#website\"},\"primaryImageOfPage\":{\"@id\":\"https:\/\/www.mjvinnovation.com\/pt-br\/blog\/quais-sao-os-principais-conceitos-envolvidos-na-integracao-de-ia-e-gestao-da-mudanca\/#primaryimage\"},\"image\":{\"@id\":\"https:\/\/www.mjvinnovation.com\/pt-br\/blog\/quais-sao-os-principais-conceitos-envolvidos-na-integracao-de-ia-e-gestao-da-mudanca\/#primaryimage\"},\"thumbnailUrl\":\"https:\/\/www.mjvinnovation.com\/wp-content\/uploads\/2025\/10\/bp-change-1-1.png\",\"datePublished\":\"2025-10-24T18:10:57+00:00\",\"dateModified\":\"2025-10-28T17:22:54+00:00\",\"breadcrumb\":{\"@id\":\"https:\/\/www.mjvinnovation.com\/pt-br\/blog\/quais-sao-os-principais-conceitos-envolvidos-na-integracao-de-ia-e-gestao-da-mudanca\/#breadcrumb\"},\"inLanguage\":\"pt-BR\",\"potentialAction\":[{\"@type\":\"ReadAction\",\"target\":[\"https:\/\/www.mjvinnovation.com\/pt-br\/blog\/quais-sao-os-principais-conceitos-envolvidos-na-integracao-de-ia-e-gestao-da-mudanca\/\"]}]},{\"@type\":\"ImageObject\",\"inLanguage\":\"pt-BR\",\"@id\":\"https:\/\/www.mjvinnovation.com\/pt-br\/blog\/quais-sao-os-principais-conceitos-envolvidos-na-integracao-de-ia-e-gestao-da-mudanca\/#primaryimage\",\"url\":\"https:\/\/www.mjvinnovation.com\/wp-content\/uploads\/2025\/10\/bp-change-1-1.png\",\"contentUrl\":\"https:\/\/www.mjvinnovation.com\/wp-content\/uploads\/2025\/10\/bp-change-1-1.png\",\"width\":920,\"height\":518},{\"@type\":\"BreadcrumbList\",\"@id\":\"https:\/\/www.mjvinnovation.com\/pt-br\/blog\/quais-sao-os-principais-conceitos-envolvidos-na-integracao-de-ia-e-gestao-da-mudanca\/#breadcrumb\",\"itemListElement\":[{\"@type\":\"ListItem\",\"position\":1,\"name\":\"Home\",\"item\":\"https:\/\/www.mjvinnovation.com\/pt-br\/\"},{\"@type\":\"ListItem\",\"position\":2,\"name\":\"Quais s\u00e3o os principais conceitos envolvidos na integra\u00e7\u00e3o de IA e gest\u00e3o da mudan\u00e7a?\"}]},{\"@type\":\"WebSite\",\"@id\":\"https:\/\/www.mjvinnovation.com\/pt-br\/#website\",\"url\":\"https:\/\/www.mjvinnovation.com\/pt-br\/\",\"name\":\"MJV Technology &amp; Innovation\",\"description\":\"We are people transforming business\",\"publisher\":{\"@id\":\"https:\/\/www.mjvinnovation.com\/pt-br\/#organization\"},\"potentialAction\":[{\"@type\":\"SearchAction\",\"target\":{\"@type\":\"EntryPoint\",\"urlTemplate\":\"https:\/\/www.mjvinnovation.com\/pt-br\/?s={search_term_string}\"},\"query-input\":{\"@type\":\"PropertyValueSpecification\",\"valueRequired\":true,\"valueName\":\"search_term_string\"}}],\"inLanguage\":\"pt-BR\"},{\"@type\":\"Organization\",\"@id\":\"https:\/\/www.mjvinnovation.com\/pt-br\/#organization\",\"name\":\"MJV Technology and Innovation\",\"url\":\"https:\/\/www.mjvinnovation.com\/pt-br\/\",\"logo\":{\"@type\":\"ImageObject\",\"inLanguage\":\"pt-BR\",\"@id\":\"https:\/\/www.mjvinnovation.com\/pt-br\/#\/schema\/logo\/image\/\",\"url\":\"https:\/\/www.mjvinnovation.com\/wp-content\/uploads\/2021\/07\/logo_mjv_favicon.png\",\"contentUrl\":\"https:\/\/www.mjvinnovation.com\/wp-content\/uploads\/2021\/07\/logo_mjv_favicon.png\",\"width\":128,\"height\":128,\"caption\":\"MJV Technology and Innovation\"},\"image\":{\"@id\":\"https:\/\/www.mjvinnovation.com\/pt-br\/#\/schema\/logo\/image\/\"},\"sameAs\":[\"https:\/\/www.facebook.com\/mjvinnovation\/\",\"https:\/\/x.com\/MJVinnovation\",\"https:\/\/www.instagram.com\/mjvinnovation\/\",\"https:\/\/www.linkedin.com\/company\/mjv-tech-and-innovation\",\"https:\/\/www.youtube.com\/channel\/UCUlTs06JlXwUd09Jzg9kqDA\"]},{\"@type\":\"Person\",\"@id\":\"https:\/\/www.mjvinnovation.com\/pt-br\/#\/schema\/person\/4a307804c8b6104ef72b4874d8cc5305\",\"name\":\"Matheus Abreu\"}]}<\/script>\n<!-- \/ Yoast SEO plugin. -->","yoast_head_json":{"title":"Quais s\u00e3o os principais conceitos envolvidos na integra\u00e7\u00e3o de IA e gest\u00e3o da mudan\u00e7a? - MJV Technology &amp; Innovation","robots":{"index":"index","follow":"follow","max-snippet":"max-snippet:-1","max-image-preview":"max-image-preview:large","max-video-preview":"max-video-preview:-1"},"canonical":"https:\/\/www.mjvinnovation.com\/pt-br\/blog\/quais-sao-os-principais-conceitos-envolvidos-na-integracao-de-ia-e-gestao-da-mudanca\/","og_locale":"pt_BR","og_type":"article","og_title":"Quais s\u00e3o os principais conceitos envolvidos na integra\u00e7\u00e3o de IA e gest\u00e3o da mudan\u00e7a? - MJV Technology &amp; Innovation","og_description":"De reativo a preditivo: o guia para liderar transforma\u00e7\u00f5es organizacionais com o poder dos dados","og_url":"https:\/\/www.mjvinnovation.com\/pt-br\/blog\/quais-sao-os-principais-conceitos-envolvidos-na-integracao-de-ia-e-gestao-da-mudanca\/","og_site_name":"MJV Technology &amp; Innovation","article_publisher":"https:\/\/www.facebook.com\/mjvinnovation\/","article_published_time":"2025-10-24T18:10:57+00:00","article_modified_time":"2025-10-28T17:22:54+00:00","og_image":[{"width":920,"height":518,"url":"https:\/\/www.mjvinnovation.com\/wp-content\/uploads\/2025\/10\/bp-change-1-1.png","type":"image\/png"}],"author":"Matheus Abreu","twitter_card":"summary_large_image","twitter_creator":"@MJVinnovation","twitter_site":"@MJVinnovation","twitter_misc":{"Escrito por":"Matheus Abreu","Est. tempo de leitura":"7 minutos"},"schema":{"@context":"https:\/\/schema.org","@graph":[{"@type":"Article","@id":"https:\/\/www.mjvinnovation.com\/pt-br\/blog\/quais-sao-os-principais-conceitos-envolvidos-na-integracao-de-ia-e-gestao-da-mudanca\/#article","isPartOf":{"@id":"https:\/\/www.mjvinnovation.com\/pt-br\/blog\/quais-sao-os-principais-conceitos-envolvidos-na-integracao-de-ia-e-gestao-da-mudanca\/"},"author":{"name":"Matheus Abreu","@id":"https:\/\/www.mjvinnovation.com\/pt-br\/#\/schema\/person\/4a307804c8b6104ef72b4874d8cc5305"},"headline":"Quais s\u00e3o os principais conceitos envolvidos na integra\u00e7\u00e3o de IA e gest\u00e3o da mudan\u00e7a?","datePublished":"2025-10-24T18:10:57+00:00","dateModified":"2025-10-28T17:22:54+00:00","mainEntityOfPage":{"@id":"https:\/\/www.mjvinnovation.com\/pt-br\/blog\/quais-sao-os-principais-conceitos-envolvidos-na-integracao-de-ia-e-gestao-da-mudanca\/"},"wordCount":1608,"commentCount":0,"publisher":{"@id":"https:\/\/www.mjvinnovation.com\/pt-br\/#organization"},"image":{"@id":"https:\/\/www.mjvinnovation.com\/pt-br\/blog\/quais-sao-os-principais-conceitos-envolvidos-na-integracao-de-ia-e-gestao-da-mudanca\/#primaryimage"},"thumbnailUrl":"https:\/\/www.mjvinnovation.com\/wp-content\/uploads\/2025\/10\/bp-change-1-1.png","keywords":["change management","Gest\u00e3o da Mudan\u00e7a"],"articleSection":["Change Management","Gest\u00e3o da Mudan\u00e7a","Other"],"inLanguage":"pt-BR","potentialAction":[{"@type":"CommentAction","name":"Comment","target":["https:\/\/www.mjvinnovation.com\/pt-br\/blog\/quais-sao-os-principais-conceitos-envolvidos-na-integracao-de-ia-e-gestao-da-mudanca\/#respond"]}]},{"@type":"WebPage","@id":"https:\/\/www.mjvinnovation.com\/pt-br\/blog\/quais-sao-os-principais-conceitos-envolvidos-na-integracao-de-ia-e-gestao-da-mudanca\/","url":"https:\/\/www.mjvinnovation.com\/pt-br\/blog\/quais-sao-os-principais-conceitos-envolvidos-na-integracao-de-ia-e-gestao-da-mudanca\/","name":"Quais s\u00e3o os principais conceitos envolvidos na integra\u00e7\u00e3o de IA e gest\u00e3o da mudan\u00e7a? - MJV Technology &amp; Innovation","isPartOf":{"@id":"https:\/\/www.mjvinnovation.com\/pt-br\/#website"},"primaryImageOfPage":{"@id":"https:\/\/www.mjvinnovation.com\/pt-br\/blog\/quais-sao-os-principais-conceitos-envolvidos-na-integracao-de-ia-e-gestao-da-mudanca\/#primaryimage"},"image":{"@id":"https:\/\/www.mjvinnovation.com\/pt-br\/blog\/quais-sao-os-principais-conceitos-envolvidos-na-integracao-de-ia-e-gestao-da-mudanca\/#primaryimage"},"thumbnailUrl":"https:\/\/www.mjvinnovation.com\/wp-content\/uploads\/2025\/10\/bp-change-1-1.png","datePublished":"2025-10-24T18:10:57+00:00","dateModified":"2025-10-28T17:22:54+00:00","breadcrumb":{"@id":"https:\/\/www.mjvinnovation.com\/pt-br\/blog\/quais-sao-os-principais-conceitos-envolvidos-na-integracao-de-ia-e-gestao-da-mudanca\/#breadcrumb"},"inLanguage":"pt-BR","potentialAction":[{"@type":"ReadAction","target":["https:\/\/www.mjvinnovation.com\/pt-br\/blog\/quais-sao-os-principais-conceitos-envolvidos-na-integracao-de-ia-e-gestao-da-mudanca\/"]}]},{"@type":"ImageObject","inLanguage":"pt-BR","@id":"https:\/\/www.mjvinnovation.com\/pt-br\/blog\/quais-sao-os-principais-conceitos-envolvidos-na-integracao-de-ia-e-gestao-da-mudanca\/#primaryimage","url":"https:\/\/www.mjvinnovation.com\/wp-content\/uploads\/2025\/10\/bp-change-1-1.png","contentUrl":"https:\/\/www.mjvinnovation.com\/wp-content\/uploads\/2025\/10\/bp-change-1-1.png","width":920,"height":518},{"@type":"BreadcrumbList","@id":"https:\/\/www.mjvinnovation.com\/pt-br\/blog\/quais-sao-os-principais-conceitos-envolvidos-na-integracao-de-ia-e-gestao-da-mudanca\/#breadcrumb","itemListElement":[{"@type":"ListItem","position":1,"name":"Home","item":"https:\/\/www.mjvinnovation.com\/pt-br\/"},{"@type":"ListItem","position":2,"name":"Quais s\u00e3o os principais conceitos envolvidos na integra\u00e7\u00e3o de IA e gest\u00e3o da mudan\u00e7a?"}]},{"@type":"WebSite","@id":"https:\/\/www.mjvinnovation.com\/pt-br\/#website","url":"https:\/\/www.mjvinnovation.com\/pt-br\/","name":"MJV Technology &amp; Innovation","description":"We are people transforming business","publisher":{"@id":"https:\/\/www.mjvinnovation.com\/pt-br\/#organization"},"potentialAction":[{"@type":"SearchAction","target":{"@type":"EntryPoint","urlTemplate":"https:\/\/www.mjvinnovation.com\/pt-br\/?s={search_term_string}"},"query-input":{"@type":"PropertyValueSpecification","valueRequired":true,"valueName":"search_term_string"}}],"inLanguage":"pt-BR"},{"@type":"Organization","@id":"https:\/\/www.mjvinnovation.com\/pt-br\/#organization","name":"MJV Technology and Innovation","url":"https:\/\/www.mjvinnovation.com\/pt-br\/","logo":{"@type":"ImageObject","inLanguage":"pt-BR","@id":"https:\/\/www.mjvinnovation.com\/pt-br\/#\/schema\/logo\/image\/","url":"https:\/\/www.mjvinnovation.com\/wp-content\/uploads\/2021\/07\/logo_mjv_favicon.png","contentUrl":"https:\/\/www.mjvinnovation.com\/wp-content\/uploads\/2021\/07\/logo_mjv_favicon.png","width":128,"height":128,"caption":"MJV Technology and Innovation"},"image":{"@id":"https:\/\/www.mjvinnovation.com\/pt-br\/#\/schema\/logo\/image\/"},"sameAs":["https:\/\/www.facebook.com\/mjvinnovation\/","https:\/\/x.com\/MJVinnovation","https:\/\/www.instagram.com\/mjvinnovation\/","https:\/\/www.linkedin.com\/company\/mjv-tech-and-innovation","https:\/\/www.youtube.com\/channel\/UCUlTs06JlXwUd09Jzg9kqDA"]},{"@type":"Person","@id":"https:\/\/www.mjvinnovation.com\/pt-br\/#\/schema\/person\/4a307804c8b6104ef72b4874d8cc5305","name":"Matheus Abreu"}]}},"_links":{"self":[{"href":"https:\/\/www.mjvinnovation.com\/pt-br\/wp-json\/wp\/v2\/posts\/46789","targetHints":{"allow":["GET"]}}],"collection":[{"href":"https:\/\/www.mjvinnovation.com\/pt-br\/wp-json\/wp\/v2\/posts"}],"about":[{"href":"https:\/\/www.mjvinnovation.com\/pt-br\/wp-json\/wp\/v2\/types\/post"}],"author":[{"embeddable":true,"href":"https:\/\/www.mjvinnovation.com\/pt-br\/wp-json\/wp\/v2\/users\/34"}],"replies":[{"embeddable":true,"href":"https:\/\/www.mjvinnovation.com\/pt-br\/wp-json\/wp\/v2\/comments?post=46789"}],"version-history":[{"count":3,"href":"https:\/\/www.mjvinnovation.com\/pt-br\/wp-json\/wp\/v2\/posts\/46789\/revisions"}],"predecessor-version":[{"id":46868,"href":"https:\/\/www.mjvinnovation.com\/pt-br\/wp-json\/wp\/v2\/posts\/46789\/revisions\/46868"}],"wp:featuredmedia":[{"embeddable":true,"href":"https:\/\/www.mjvinnovation.com\/pt-br\/wp-json\/wp\/v2\/media\/46796"}],"wp:attachment":[{"href":"https:\/\/www.mjvinnovation.com\/pt-br\/wp-json\/wp\/v2\/media?parent=46789"}],"wp:term":[{"taxonomy":"category","embeddable":true,"href":"https:\/\/www.mjvinnovation.com\/pt-br\/wp-json\/wp\/v2\/categories?post=46789"},{"taxonomy":"post_tag","embeddable":true,"href":"https:\/\/www.mjvinnovation.com\/pt-br\/wp-json\/wp\/v2\/tags?post=46789"}],"curies":[{"name":"wp","href":"https:\/\/api.w.org\/{rel}","templated":true}]}}