{"id":13284,"date":"2020-11-30T17:04:15","date_gmt":"2020-11-30T20:04:15","guid":{"rendered":"https:\/\/www.mjvinnovation.com\/blog\/digital-sem-fronteiras-a-urgencia-da-transformacao-digital\/"},"modified":"2021-07-28T11:55:19","modified_gmt":"2021-07-28T14:55:19","slug":"digital-sem-fronteiras-a-urgencia-da-transformacao-digital","status":"publish","type":"post","link":"https:\/\/www.mjvinnovation.com\/pt-br\/blog\/digital-sem-fronteiras-a-urgencia-da-transformacao-digital\/","title":{"rendered":"Digital sem fronteiras: a urgente acelera\u00e7\u00e3o da transforma\u00e7\u00e3o digital em todos os mercados"},"content":{"rendered":"\n<p>A pandemia acelerou de maneira inimagin\u00e1vel a Transforma\u00e7\u00e3o Digital. As empresas que j\u00e1 estavam nessa jornada foram for\u00e7adas a acelerar o processo. As organiza\u00e7\u00f5es que ainda n\u00e3o tinham abra\u00e7ado essa causa\u2026 Bom, essas est\u00e3o em apuros e precisam mergulhar nessa era digital com urg\u00eancia.&nbsp;&nbsp;<\/p>\n\n\n\n<p>Sim, \u00e9 uma quest\u00e3o de sobreviv\u00eancia ou o total esquecimento.<\/p>\n\n\n\n<p>Sobre isso, a BDO Digital foi cir\u00fargica ao afirmar que:<\/p>\n\n\n\n<p><em>&#8220;Se havia quaisquer d\u00favidas remanescentes sobre a necessidade de transforma\u00e7\u00e3o digital para a longevidade dos neg\u00f3cios, o coronav\u00edrus as silenciou.&#8221;<\/em><\/p>\n\n\n\n<p>Por\u00e9m, n\u00e3o h\u00e1 nenhum motivo para p\u00e2nico. Vamos alinhar 2 pontos antes de seguir com a leitura, ok?<\/p>\n\n\n\n<ol class=\"wp-block-list\"><li>Em meio a esse turbilh\u00e3o, \u00e9 poss\u00edvel identificar oportunidades e gerar muito valor para seus clientes e neg\u00f3cio.&nbsp;<\/li><\/ol>\n\n\n\n<ol class=\"wp-block-list\" start=\"2\"><li>N\u00e3o h\u00e1 outro caminho a n\u00e3o ser acelerar a jornada da Transforma\u00e7\u00e3o Digital<strong> <\/strong>para finalizar de vez a transi\u00e7\u00e3o para uma Economia Digital. Afinal, a Economia p\u00f3s-transforma\u00e7\u00e3o digital j\u00e1 come\u00e7a a dar sinais.&nbsp;&nbsp;<\/li><\/ol>\n\n\n\n<p>Pontos alinhados. Agora vamos entender o motivo da <strong>Transforma\u00e7\u00e3o Digital ter sido t\u00e3o acelerada<\/strong>, virando a prioridade em todos os kanbans praticamente do dia para a noite. Acompanhe!<\/p>\n\n\n\n<h2 class=\"wp-block-heading\">Por que s\u00f3 h\u00e1 olhos para a Transforma\u00e7\u00e3o Digital?<\/h2>\n\n\n\n<p>Acreditamos que voc\u00ea sabe que a transforma\u00e7\u00e3o digital \u00e9 uma realidade para a maioria das pessoas e empresas &#8211; e um desafio para aqueles que ainda n\u00e3o a dominam.&nbsp;<\/p>\n\n\n\n<p>A Covid-19 e todos os desdobramentos da <a href=\"https:\/\/www.mjvinnovation.com\/pt-br\/blog\/insights-sobre-o-futuro-pos-pandemia\/\">pandemia<\/a> mostraram que a transforma\u00e7\u00e3o digital n\u00e3o \u00e9 apenas um processo ou uma realidade, mas uma <strong>necessidade<\/strong> &#8211; especialmente em tempos t\u00e3o vol\u00e1teis como os que vivemos. A crise n\u00e3o se concentrou no mercado corporativo. Pelo contr\u00e1rio, exigiu uma acelera\u00e7\u00e3o da transforma\u00e7\u00e3o em quase todos os aspectos de nossas vidas.<\/p>\n\n\n\n<p>Um exemplo palp\u00e1vel do que estamos falando:&nbsp;<\/p>\n\n\n\n<figure class=\"wp-block-table\"><table><tbody><tr><td>Em mar\u00e7o deste ano, pelo menos um ter\u00e7o da popula\u00e7\u00e3o mundial j\u00e1 estivera em algum tipo de restri\u00e7\u00e3o social, segundo balan\u00e7o da ag\u00eancia France Presse &#8211; AFP.<br>Estamos falando de 2,8 bilh\u00f5es de pessoas afastadas das suas habituais rotinas, experimentando uma s\u00e9rie de novas solu\u00e7\u00f5es para antigas necessidades: ir ao banco, ao m\u00e9dico, cuidar da educa\u00e7\u00e3o dos filhos, trabalhar, fazer compras no supermercado e at\u00e9 socializar com os amigos.&nbsp;<\/td><\/tr><\/tbody><\/table><\/figure>\n\n\n\n<p>Fica muito claro que isso vai impactar diretamente o comportamento social, das empresas, dos pa\u00edses e do mundo todo. O presente virou um mar de incertezas. Mas j\u00e1 o novo curso das transforma\u00e7\u00f5es j\u00e1 come\u00e7a a clarear no horizonte.&nbsp;<\/p>\n\n\n\n<p>Veja o insight que veio da nossa pesquisa <em>Novo-Normal em Constru\u00e7\u00e3o.<\/em><em>&nbsp;<\/em><\/p>\n\n\n\n<p><em>&#8220;At\u00e9 agora, aqueles que estavam \u00e0 margem da sociedade, especialmente nos pa\u00edses em desenvolvimento, poderiam se sustentar vivendo \u2018fora da grade digital&#8217;.&nbsp;<\/em><\/p>\n\n\n\n<p><em>No entanto, as consequ\u00eancias de crises como a da Covid-19 significam que esses retardat\u00e1rios digitais n\u00e3o t\u00eam outra op\u00e7\u00e3o sen\u00e3o se conectarem, a fim de realizar com seguran\u00e7a tarefas essenciais do dia a dia.&nbsp;<\/em><\/p>\n\n\n\n<p><em>Abrir contas digitais para receber suporte ou simplesmente solicitar compras. \u00c0 medida que a alfabetiza\u00e7\u00e3o digital aumenta, as empresas podem tirar proveito desse novo \u2018mercado\u2019 e desenvolver esse relacionamento atualmente inexistente com novos produtos.\u201d<\/em><\/p>\n\n\n\n<p>Essa pesquisa foi realizada com o objetivo de entender a fundo o novo curso que as mudan\u00e7as v\u00e3o trazer nos pr\u00f3ximos anos e guiar os neg\u00f3cios nessa transi\u00e7\u00e3o. Nossa \u00e1rea de Inova\u00e7\u00e3o Antecipat\u00f3ria mergulhou nas incertezas do presente para ter uma compreens\u00e3o melhor do futuro.&nbsp;<\/p>\n\n\n\n<p>Todos os achados foram analisados, organizados, debatidos e priorizados por meio da nossa metodologia de Futures Studies. Para mergulhar mais profundamente na constru\u00e7\u00e3o &#8211; e desconstru\u00e7\u00e3o &#8211; desse t\u00e3o falado Novo-Normal, acesse nossa pesquisa aqui!<\/p>\n\n\n<section class=\"form-materials section-materials\">\n  <a class=\"open-form hs-button\">\n  Acesse gr\u00e1tis<\/a>\n\t<div class=\"section-materials-header\">\n\t\t<h3 class=\"section-materials-title\">Pesquisa Novo-Normal em Constru\u00e7\u00e3o<\/h3>\n\t\t<p class=\"section-materials-text\"><\/p>\n\t<\/div>\n\t<div class=\"section-materials-content\">\n\t\t<div class=\"section-materials-form mjv-forms\"><!--[if lte IE 8]&gt;-->\r\n\r\n\r\n\r\n\r\n  hbspt.forms.create({\r\n\tregion: &#8220;na1&#8221;,\r\n\tportalId: &#8220;455690&#8221;,\r\n\tformId: &#8220;4bf565a9-6fbd-4647-a61e-6c8d0f9e5a4d&#8221;\r\n});\r\n<\/div>\n\t<\/div>\n<\/section>\n\n<style>\n .section-materials {\n    background-color: #efefef;\n    max-width: 760px;\n    margin: 0 auto 3em;\n    padding: 0 1em 1.5em 1em;\n    position: relative;\n  }\n\n  .open-form {\n    position: absolute;\n    bottom: -37px;\n    left: 50%;\n    transform: translate(-50%, -50%);\n\n    margin: 0;\n    cursor: pointer;\n    display: inline-block;\n    font-weight: 700;\n    text-align: center;\n    color: #fff !important;\n    border-radius: 3px;\n    border-style: solid;\n    border-width: 1px;\n    padding: 12px 24px;\n\n    background: #60489d;\n    border-color: #60489d;\n    font-size: 12px;\n    line-height: 12px;\n  }\n\n  .open-form.hidden {\n    display: none;\n  }\n\n  .section-materials-header {\n    font-family: 'open_sansbold', sans-serif;\n    padding: 1em 0 0;\n    line-height: 1.5;\n  }\n\t.section-materials-title {\n    font-family: open_sansbold, sans-serif;\n    display: inline-block;\n    font-size: 1.5rem;\n    color: #46bb93;\n    position: relative;\n    background-color: transparent;\n    padding: 0;\n    border: none;\n    margin: 0 30px 0 0;\n\t}\n\n  .section-materials-content {\n    overflow: hidden;\n    height: 168px;\n    transition: all 1s ease;\n  }\n\n  .section-materials-content.open {\n    height: unset;\n  }\n  #hs-form-iframe-0 {\n    width: 100% !important;\n  }\n\n  .section-materials-form {\n    display: block !important;\n  }\n\n  @media (min-width:790px){\n    .section-materials-content {\n      display: flex;\n      justify-content: space-between;\n      align-items: flex-start;\n    }\n    .section-materials-form {\n      width: 100%;\n    }\n    .section-materials-featured {\n      width: 40%;\n      padding-left: 1em;\n    }\n  }\n<\/style>\n\n<script>\nvar openForm = document.querySelector('.open-form');\nvar content = document.querySelector('.section-materials-content');\nopenForm.addEventListener('click', ()=>{\n  content.classList.add(\"open\");\n  openForm.classList.add(\"hidden\");\n});\n<\/script>\n\n\n<h2 class=\"wp-block-heading\">Digital sem fronteiras: surge um novo mundo&nbsp;<\/h2>\n\n\n\n<p>Em meio a uma confus\u00e3o mundial, um novo agente aparece. A hiper-digitaliza\u00e7\u00e3o leva a uma hiper-acelera\u00e7\u00e3o da economia digital com v\u00e1rias demandas emergentes. Por exemplo:&nbsp;<\/p>\n\n\n\n<ul class=\"wp-block-list\"><li><a href=\"https:\/\/www.mjvinnovation.com\/pt-br\/blog\/em-tempos-de-trabalho-remoto-como-gerir-projetos-e-equipes\/\">trabalho remoto<\/a> e distribu\u00eddo&nbsp;<\/li><li>o imp\u00e9rio de escrit\u00f3rios dom\u00e9sticos e reuni\u00f5es de zoom&nbsp;<\/li><li>com\u00e9rcio eletr\u00f4nico automatizado&nbsp;<\/li><li>sistemas de entrega que, combinados ao trabalho remoto, permitem a muitos sonhar em mudar para territ\u00f3rios menos habitados sem perder o contato com a civiliza\u00e7\u00e3o&nbsp;<\/li><li>consumo, entretenimento e telecomunica\u00e7\u00f5es existentes em um n\u00edvel totalmente novo&nbsp;<\/li><li>tecnologia que nos permite conhecer virtualmente e ainda poder mover, apresentar, compartilhar slides e emo\u00e7\u00f5es&nbsp;<\/li><li><a href=\"https:\/\/www.mjvinnovation.com\/pt-br\/blog\/realidade-virtual-no-varejo\/\">ambientes de RV<\/a> e AR que \u201csubstituem\u201d cinemas, lojas e at\u00e9 salas de confer\u00eancia<\/li><\/ul>\n\n\n\n<p>Nasce um mundo <strong>digital sem fronteiras<\/strong>.&nbsp;<\/p>\n\n\n\n<p>Nesse sentido, quando falamos de transforma\u00e7\u00e3o digital, as pessoas do setor normalmente usam o termo <em>phygital<\/em>: uma mistura de <a href=\"https:\/\/www.mjvinnovation.com\/pt-br\/blog\/low-touch-economy-o-que-e\/\">intera\u00e7\u00e3o f\u00edsica + digital<\/a>. E aqui fica um spoiler do futuro: o f\u00edsico est\u00e1 prestes a perder espa\u00e7o nessa mistura.&nbsp;<\/p>\n\n\n\n<p>Aqui temos dois pontos importantes que valem ser anotados na sua agenda:<\/p>\n\n\n\n<ul class=\"wp-block-list\"><li>Alfabetiza\u00e7\u00e3o digital \u00e9, agora, obrigat\u00f3ria para todos os que vivem no planeta Terra.<\/li><li>Independente do futuro que voc\u00ea quer para o seu neg\u00f3cio, ele estar\u00e1 alicer\u00e7ado na Transforma\u00e7\u00e3o Digital.&nbsp;<\/li><\/ul>\n\n\n\n<h2 class=\"wp-block-heading\">Digital first: a segunda etapa da Transforma\u00e7\u00e3o Digital<\/h2>\n\n\n\n<p>Voc\u00ea j\u00e1 deve saber, mas vale ressaltar: a Transforma\u00e7\u00e3o Digital n\u00e3o se trata apenas da ado\u00e7\u00e3o de tecnologias emergentes. Esta \u00e9 uma mudan\u00e7a organizacional, uma transforma\u00e7\u00e3o cultural. O mindset depois dela ser\u00e1 outro.&nbsp;<\/p>\n\n\n\n<p><strong>A Transforma\u00e7\u00e3o Digital \u00e9<\/strong> <strong>muito mais do que a ado\u00e7\u00e3o de tecnologias<\/strong>.&nbsp;<\/p>\n\n\n\n<p>Acredite: olhar para a <a href=\"https:\/\/www.mjvinnovation.com\/pt-br\/transformacao-digital\/\">Transforma\u00e7\u00e3o Digital<\/a> dessa forma simplista n\u00e3o trar\u00e1 os resultados que as organiza\u00e7\u00f5es precisam para navegar no novo normal.&nbsp;<\/p>\n\n\n\n<p>Estamos frente a frente com o mindset que vai mudar por completo a forma com que vivemos. A tecnologia \u00e9 fundamental, mas sozinha n\u00e3o destrava o potencial disruptivo.&nbsp;<\/p>\n\n\n\n<p>Essa revolu\u00e7\u00e3o \u00e9 uma concep\u00e7\u00e3o e traz a mentalidade <strong><em>digital first<\/em><\/strong><em> <\/em>\u00e0 tona.&nbsp;<\/p>\n\n\n\n<h3 class=\"wp-block-heading\">Rumo ao 100% digital: por onde come\u00e7ar&nbsp;<\/h3>\n\n\n\n<p>Os neg\u00f3cios que pretendem estar aqui nos pr\u00f3ximos anos devem pensar em todos os processos da sua empresa operando digitalmente. Desenhar esse novo escopo de trabalho \u00e9 uma <a href=\"https:\/\/www.mjvinnovation.com\/pt-br\/blog\/dicas-para-dar-inicio-ao-planejamento-estrategico\/\">prioridade para 2021<\/a>, mas tenha em mente que o trabalho n\u00e3o \u00e9 trazer a l\u00f3gica do neg\u00f3cio offline para o digital.&nbsp;<\/p>\n\n\n\n<p>H\u00e1 uma infinidade de oportunidades para desenvolver novas frentes para seu modelo de neg\u00f3cio em um cen\u00e1rio 100% digital. A MJV pode cooperar com sua empresa em 2 frentes cruciais para essa virada de chave. Vamos l\u00e1:&nbsp;<\/p>\n\n\n\n<p>1- <strong>Entender<\/strong> e mapear todo o seu neg\u00f3cio para identificar as oportunidades, \u00e1reas e processos que podem ser beneficiados com a tecnologia.&nbsp;<\/p>\n\n\n\n<p>2- <strong>Construir uma estrat\u00e9gia<\/strong> para aculturar o processo de Transforma\u00e7\u00e3o Digital &#8211; treinando e engajando os colaboradores para que a tecnologia esteja na ess\u00eancia da sua empresa.&nbsp;<\/p>\n\n\n\n<p>Veja: n\u00e3o estamos falando em apenas digitalizar o ambiente f\u00edsico. Para se alinhar \u00e0 Economia que surge p\u00f3s-transforma\u00e7\u00e3o digital, \u00e9 preciso que o seu modelo de neg\u00f3cio no ambiente digital n\u00e3o seja meramente a representa\u00e7\u00e3o do mindset que ele j\u00e1 tem no offline. Ele deve ser <strong><em>pensadamente<\/em><\/strong><strong> digital<\/strong>. Ou melhor, <strong>digital-first<\/strong>.<\/p>\n\n\n\n<h2 class=\"wp-block-heading\">\u00c9 hora de co-criar o futuro!<\/h2>\n\n\n\n<p>Um cen\u00e1rio bem diferente do que o que est\u00e1vamos acostumados aportou por aqui e colocou uma s\u00e9rie de planejamentos na gaveta.&nbsp;<\/p>\n\n\n\n<p>Queremos deixar bem claro aqui: futuros s\u00e3o co-criados. Eles n\u00e3o aparecem sem ser anunciados. Co-criar o porvir \u00e9 a solu\u00e7\u00e3o para se alinhar \u00e0s disrup\u00e7\u00f5es inerentes \u00e0 evolu\u00e7\u00e3o dos mercados e da pr\u00f3pria sociedade.&nbsp;<\/p>\n\n\n\n<p>Como consultoria de tecnologia e inova\u00e7\u00e3o, estamos ajudando grandes players do mercado global a enfrentar a transforma\u00e7\u00e3o digital e encaramos diversos desafios.&nbsp;<\/p>\n\n\n\n<p>N\u00e3o tem para onde correr: a hora de construir o futuro \u00e9 agora. <a href=\"https:\/\/www.mjvinnovation.com\/pt-br\/contato\/\">Vamos juntos?&nbsp;<\/a><\/p>\n\n\n\n<h2 class=\"wp-block-heading\">EMAIL MKT&nbsp;<\/h2>\n\n\n\n<p>Subject: Por que s\u00f3 h\u00e1 olhos para a Transforma\u00e7\u00e3o Digital? E por que ela \u00e9 t\u00e3o urgente?&nbsp;<\/p>\n\n\n\n<p>Preview line: Descubra agora mesmo no blog post Digital sem fronteiras: a urgente acelera\u00e7\u00e3o da transforma\u00e7\u00e3o digital em todos os mercados<\/p>\n\n\n\n<p>Ol\u00e1, ! Tudo bem?&nbsp;<\/p>\n\n\n\n<p>O termo &#8220;Transforma\u00e7\u00e3o Digital&#8221; tem habitado todas as reuni\u00f5es &#8211; digitais &#8211; no mercado corporativo. Mas por qu\u00ea?&nbsp;<\/p>\n\n\n\n<ul class=\"wp-block-list\"><li>As empresas que j\u00e1 tinham abra\u00e7ado essa mudan\u00e7a tiveram que acelerar o processo.&nbsp;<\/li><li>J\u00e1 as corpora\u00e7\u00f5es que ainda estavam resistentes&#8230; bem, essas est\u00e3o em apuros.&nbsp;<\/li><\/ul>\n\n\n\n<p>Mas n\u00e3o h\u00e1 motivo para p\u00e2nico &#8211; s\u00f3 para correria, ok? \u00c9 hora de arrega\u00e7ar as mangas e virar a chave para o passo 2 da transforma\u00e7\u00e3o digital: o <strong>digital sem fronteiras<\/strong>.<\/p>\n\n\n\n<p>Quer saber mais sobre esse passo 2 e como criar um futuro mais alinhado com o mercado? O passo 1 \u00e9 clicar nesse bot\u00e3o aqui embaixo!<\/p>\n\n\n\n<div class=\"wp-block-image\"><figure class=\"aligncenter size-large is-resized\"><a href=\"https:\/\/services.mjvinnovation.com\/pt-br\/pesquisa\/novo-normal-em-construcao\/\" target=\"_blank\"><img fetchpriority=\"high\" decoding=\"async\" src=\"https:\/\/www.mjvinnovation.com\/wp-content\/uploads\/2021\/07\/mjv_LP_VidaPosCOVID-19_email_CTA_pt.jpg\" alt=\"\" class=\"wp-image-17621\" width=\"592\" height=\"308\" srcset=\"https:\/\/www.mjvinnovation.com\/wp-content\/uploads\/2021\/07\/mjv_LP_VidaPosCOVID-19_email_CTA_pt.jpg 789w, https:\/\/www.mjvinnovation.com\/wp-content\/uploads\/2021\/07\/mjv_LP_VidaPosCOVID-19_email_CTA_pt-720x374.jpg 720w, https:\/\/www.mjvinnovation.com\/wp-content\/uploads\/2021\/07\/mjv_LP_VidaPosCOVID-19_email_CTA_pt-285x148.jpg 285w, https:\/\/www.mjvinnovation.com\/wp-content\/uploads\/2021\/07\/mjv_LP_VidaPosCOVID-19_email_CTA_pt-768x399.jpg 768w\" sizes=\"(max-width: 592px) 100vw, 592px\" \/><\/a><\/figure><\/div>\n","protected":false},"excerpt":{"rendered":"Imaginamos que voc\u00ea j\u00e1 saiba que a Transforma\u00e7\u00e3o Digital \u00e9 uma necessidade. E \u00e9 urgente para todas as empresas. N\u00e3o tem para onde correr: \u00e9 hora de arrega\u00e7ar as mangas e cocriar o futuro. E ele vem em 3 palavras: digital sem fronteiras. Saiba por onde come\u00e7ar nesse artigo!","protected":false},"author":6,"featured_media":13285,"comment_status":"closed","ping_status":"open","sticky":false,"template":"","format":"standard","meta":{"_acf_changed":false,"footnotes":""},"categories":[4],"tags":[],"class_list":["post-13284","post","type-post","status-publish","format-standard","has-post-thumbnail","hentry","category-nao-categorizado"],"acf":[],"yoast_head":"<!-- This site is optimized with the Yoast SEO plugin v26.0 - https:\/\/yoast.com\/wordpress\/plugins\/seo\/ -->\n<title>Digital sem fronteiras: a urgente acelera\u00e7\u00e3o da transforma\u00e7\u00e3o digital em todos os mercados<\/title>\n<meta name=\"description\" content=\"Enquanto l\u00ea esse texto, j\u00e1 pensa nos nomes para o projeto Digital First na sua empresa. Acesse e entenda porqu\u00ea isso \u00e9 urgente!\" \/>\n<meta name=\"robots\" content=\"index, follow, max-snippet:-1, max-image-preview:large, max-video-preview:-1\" \/>\n<link rel=\"canonical\" href=\"https:\/\/www.mjvinnovation.com\/pt-br\/blog\/digital-sem-fronteiras-a-urgencia-da-transformacao-digital\/\" \/>\n<meta property=\"og:locale\" content=\"pt_BR\" \/>\n<meta property=\"og:type\" content=\"article\" \/>\n<meta property=\"og:title\" content=\"Digital sem fronteiras: a urgente acelera\u00e7\u00e3o da transforma\u00e7\u00e3o digital em todos os mercados\" \/>\n<meta property=\"og:description\" content=\"Enquanto l\u00ea esse texto, j\u00e1 pensa nos nomes para o projeto Digital First na sua empresa. Acesse e entenda porqu\u00ea isso \u00e9 urgente!\" \/>\n<meta property=\"og:url\" content=\"https:\/\/www.mjvinnovation.com\/pt-br\/blog\/digital-sem-fronteiras-a-urgencia-da-transformacao-digital\/\" \/>\n<meta property=\"og:site_name\" content=\"MJV Technology &amp; Innovation\" \/>\n<meta property=\"article:publisher\" content=\"https:\/\/www.facebook.com\/mjvinnovation\/\" \/>\n<meta property=\"article:published_time\" content=\"2020-11-30T20:04:15+00:00\" \/>\n<meta property=\"article:modified_time\" content=\"2021-07-28T14:55:19+00:00\" \/>\n<meta property=\"og:image\" content=\"https:\/\/www.mjvinnovation.com\/wp-content\/uploads\/2021\/07\/digital-sem-fronteiras.jpg\" \/>\n\t<meta property=\"og:image:width\" content=\"1920\" \/>\n\t<meta property=\"og:image:height\" content=\"1080\" \/>\n\t<meta property=\"og:image:type\" content=\"image\/jpeg\" \/>\n<meta name=\"author\" content=\"MJV Team\" \/>\n<meta name=\"twitter:card\" content=\"summary_large_image\" \/>\n<meta name=\"twitter:creator\" content=\"@MJVinnovation\" \/>\n<meta name=\"twitter:site\" content=\"@MJVinnovation\" \/>\n<meta name=\"twitter:label1\" content=\"Escrito por\" \/>\n\t<meta name=\"twitter:data1\" content=\"MJV Team\" \/>\n\t<meta name=\"twitter:label2\" content=\"Est. tempo de leitura\" \/>\n\t<meta name=\"twitter:data2\" content=\"8 minutos\" \/>\n<script type=\"application\/ld+json\" class=\"yoast-schema-graph\">{\"@context\":\"https:\/\/schema.org\",\"@graph\":[{\"@type\":\"Article\",\"@id\":\"https:\/\/www.mjvinnovation.com\/pt-br\/blog\/digital-sem-fronteiras-a-urgencia-da-transformacao-digital\/#article\",\"isPartOf\":{\"@id\":\"https:\/\/www.mjvinnovation.com\/pt-br\/blog\/digital-sem-fronteiras-a-urgencia-da-transformacao-digital\/\"},\"author\":{\"name\":\"MJV Team\",\"@id\":\"https:\/\/www.mjvinnovation.com\/pt-br\/#\/schema\/person\/5080b5d5134aa2a636596e1c04c0fc99\"},\"headline\":\"Digital sem fronteiras: a urgente acelera\u00e7\u00e3o da transforma\u00e7\u00e3o digital em todos os mercados\",\"datePublished\":\"2020-11-30T20:04:15+00:00\",\"dateModified\":\"2021-07-28T14:55:19+00:00\",\"mainEntityOfPage\":{\"@id\":\"https:\/\/www.mjvinnovation.com\/pt-br\/blog\/digital-sem-fronteiras-a-urgencia-da-transformacao-digital\/\"},\"wordCount\":1570,\"publisher\":{\"@id\":\"https:\/\/www.mjvinnovation.com\/pt-br\/#organization\"},\"image\":{\"@id\":\"https:\/\/www.mjvinnovation.com\/pt-br\/blog\/digital-sem-fronteiras-a-urgencia-da-transformacao-digital\/#primaryimage\"},\"thumbnailUrl\":\"https:\/\/www.mjvinnovation.com\/wp-content\/uploads\/2021\/07\/digital-sem-fronteiras.jpg\",\"articleSection\":[\"N\u00e3o categorizado\"],\"inLanguage\":\"pt-BR\"},{\"@type\":\"WebPage\",\"@id\":\"https:\/\/www.mjvinnovation.com\/pt-br\/blog\/digital-sem-fronteiras-a-urgencia-da-transformacao-digital\/\",\"url\":\"https:\/\/www.mjvinnovation.com\/pt-br\/blog\/digital-sem-fronteiras-a-urgencia-da-transformacao-digital\/\",\"name\":\"Digital sem fronteiras: a urgente acelera\u00e7\u00e3o da transforma\u00e7\u00e3o digital em todos os mercados\",\"isPartOf\":{\"@id\":\"https:\/\/www.mjvinnovation.com\/pt-br\/#website\"},\"primaryImageOfPage\":{\"@id\":\"https:\/\/www.mjvinnovation.com\/pt-br\/blog\/digital-sem-fronteiras-a-urgencia-da-transformacao-digital\/#primaryimage\"},\"image\":{\"@id\":\"https:\/\/www.mjvinnovation.com\/pt-br\/blog\/digital-sem-fronteiras-a-urgencia-da-transformacao-digital\/#primaryimage\"},\"thumbnailUrl\":\"https:\/\/www.mjvinnovation.com\/wp-content\/uploads\/2021\/07\/digital-sem-fronteiras.jpg\",\"datePublished\":\"2020-11-30T20:04:15+00:00\",\"dateModified\":\"2021-07-28T14:55:19+00:00\",\"description\":\"Enquanto l\u00ea esse texto, j\u00e1 pensa nos nomes para o projeto Digital First na sua empresa. Acesse e entenda porqu\u00ea isso \u00e9 urgente!\",\"breadcrumb\":{\"@id\":\"https:\/\/www.mjvinnovation.com\/pt-br\/blog\/digital-sem-fronteiras-a-urgencia-da-transformacao-digital\/#breadcrumb\"},\"inLanguage\":\"pt-BR\",\"potentialAction\":[{\"@type\":\"ReadAction\",\"target\":[\"https:\/\/www.mjvinnovation.com\/pt-br\/blog\/digital-sem-fronteiras-a-urgencia-da-transformacao-digital\/\"]}]},{\"@type\":\"ImageObject\",\"inLanguage\":\"pt-BR\",\"@id\":\"https:\/\/www.mjvinnovation.com\/pt-br\/blog\/digital-sem-fronteiras-a-urgencia-da-transformacao-digital\/#primaryimage\",\"url\":\"https:\/\/www.mjvinnovation.com\/wp-content\/uploads\/2021\/07\/digital-sem-fronteiras.jpg\",\"contentUrl\":\"https:\/\/www.mjvinnovation.com\/wp-content\/uploads\/2021\/07\/digital-sem-fronteiras.jpg\",\"width\":1920,\"height\":1080,\"caption\":\"Digital sem fronteiras\"},{\"@type\":\"BreadcrumbList\",\"@id\":\"https:\/\/www.mjvinnovation.com\/pt-br\/blog\/digital-sem-fronteiras-a-urgencia-da-transformacao-digital\/#breadcrumb\",\"itemListElement\":[{\"@type\":\"ListItem\",\"position\":1,\"name\":\"Home\",\"item\":\"https:\/\/www.mjvinnovation.com\/pt-br\/\"},{\"@type\":\"ListItem\",\"position\":2,\"name\":\"Digital sem fronteiras: a urgente acelera\u00e7\u00e3o da transforma\u00e7\u00e3o digital em todos os mercados\"}]},{\"@type\":\"WebSite\",\"@id\":\"https:\/\/www.mjvinnovation.com\/pt-br\/#website\",\"url\":\"https:\/\/www.mjvinnovation.com\/pt-br\/\",\"name\":\"MJV Technology &amp; Innovation\",\"description\":\"We are people transforming business\",\"publisher\":{\"@id\":\"https:\/\/www.mjvinnovation.com\/pt-br\/#organization\"},\"potentialAction\":[{\"@type\":\"SearchAction\",\"target\":{\"@type\":\"EntryPoint\",\"urlTemplate\":\"https:\/\/www.mjvinnovation.com\/pt-br\/?s={search_term_string}\"},\"query-input\":{\"@type\":\"PropertyValueSpecification\",\"valueRequired\":true,\"valueName\":\"search_term_string\"}}],\"inLanguage\":\"pt-BR\"},{\"@type\":\"Organization\",\"@id\":\"https:\/\/www.mjvinnovation.com\/pt-br\/#organization\",\"name\":\"MJV Technology and Innovation\",\"url\":\"https:\/\/www.mjvinnovation.com\/pt-br\/\",\"logo\":{\"@type\":\"ImageObject\",\"inLanguage\":\"pt-BR\",\"@id\":\"https:\/\/www.mjvinnovation.com\/pt-br\/#\/schema\/logo\/image\/\",\"url\":\"https:\/\/www.mjvinnovation.com\/wp-content\/uploads\/2021\/07\/logo_mjv_favicon.png\",\"contentUrl\":\"https:\/\/www.mjvinnovation.com\/wp-content\/uploads\/2021\/07\/logo_mjv_favicon.png\",\"width\":128,\"height\":128,\"caption\":\"MJV Technology and Innovation\"},\"image\":{\"@id\":\"https:\/\/www.mjvinnovation.com\/pt-br\/#\/schema\/logo\/image\/\"},\"sameAs\":[\"https:\/\/www.facebook.com\/mjvinnovation\/\",\"https:\/\/x.com\/MJVinnovation\",\"https:\/\/www.instagram.com\/mjvinnovation\/\",\"https:\/\/www.linkedin.com\/company\/mjv-tech-and-innovation\",\"https:\/\/www.youtube.com\/channel\/UCUlTs06JlXwUd09Jzg9kqDA\"]},{\"@type\":\"Person\",\"@id\":\"https:\/\/www.mjvinnovation.com\/pt-br\/#\/schema\/person\/5080b5d5134aa2a636596e1c04c0fc99\",\"name\":\"MJV Team\"}]}<\/script>\n<!-- \/ Yoast SEO plugin. -->","yoast_head_json":{"title":"Digital sem fronteiras: a urgente acelera\u00e7\u00e3o da transforma\u00e7\u00e3o digital em todos os mercados","description":"Enquanto l\u00ea esse texto, j\u00e1 pensa nos nomes para o projeto Digital First na sua empresa. Acesse e entenda porqu\u00ea isso \u00e9 urgente!","robots":{"index":"index","follow":"follow","max-snippet":"max-snippet:-1","max-image-preview":"max-image-preview:large","max-video-preview":"max-video-preview:-1"},"canonical":"https:\/\/www.mjvinnovation.com\/pt-br\/blog\/digital-sem-fronteiras-a-urgencia-da-transformacao-digital\/","og_locale":"pt_BR","og_type":"article","og_title":"Digital sem fronteiras: a urgente acelera\u00e7\u00e3o da transforma\u00e7\u00e3o digital em todos os mercados","og_description":"Enquanto l\u00ea esse texto, j\u00e1 pensa nos nomes para o projeto Digital First na sua empresa. Acesse e entenda porqu\u00ea isso \u00e9 urgente!","og_url":"https:\/\/www.mjvinnovation.com\/pt-br\/blog\/digital-sem-fronteiras-a-urgencia-da-transformacao-digital\/","og_site_name":"MJV Technology &amp; Innovation","article_publisher":"https:\/\/www.facebook.com\/mjvinnovation\/","article_published_time":"2020-11-30T20:04:15+00:00","article_modified_time":"2021-07-28T14:55:19+00:00","og_image":[{"width":1920,"height":1080,"url":"https:\/\/www.mjvinnovation.com\/wp-content\/uploads\/2021\/07\/digital-sem-fronteiras.jpg","type":"image\/jpeg"}],"author":"MJV Team","twitter_card":"summary_large_image","twitter_creator":"@MJVinnovation","twitter_site":"@MJVinnovation","twitter_misc":{"Escrito por":"MJV Team","Est. tempo de leitura":"8 minutos"},"schema":{"@context":"https:\/\/schema.org","@graph":[{"@type":"Article","@id":"https:\/\/www.mjvinnovation.com\/pt-br\/blog\/digital-sem-fronteiras-a-urgencia-da-transformacao-digital\/#article","isPartOf":{"@id":"https:\/\/www.mjvinnovation.com\/pt-br\/blog\/digital-sem-fronteiras-a-urgencia-da-transformacao-digital\/"},"author":{"name":"MJV Team","@id":"https:\/\/www.mjvinnovation.com\/pt-br\/#\/schema\/person\/5080b5d5134aa2a636596e1c04c0fc99"},"headline":"Digital sem fronteiras: a urgente acelera\u00e7\u00e3o da transforma\u00e7\u00e3o digital em todos os mercados","datePublished":"2020-11-30T20:04:15+00:00","dateModified":"2021-07-28T14:55:19+00:00","mainEntityOfPage":{"@id":"https:\/\/www.mjvinnovation.com\/pt-br\/blog\/digital-sem-fronteiras-a-urgencia-da-transformacao-digital\/"},"wordCount":1570,"publisher":{"@id":"https:\/\/www.mjvinnovation.com\/pt-br\/#organization"},"image":{"@id":"https:\/\/www.mjvinnovation.com\/pt-br\/blog\/digital-sem-fronteiras-a-urgencia-da-transformacao-digital\/#primaryimage"},"thumbnailUrl":"https:\/\/www.mjvinnovation.com\/wp-content\/uploads\/2021\/07\/digital-sem-fronteiras.jpg","articleSection":["N\u00e3o categorizado"],"inLanguage":"pt-BR"},{"@type":"WebPage","@id":"https:\/\/www.mjvinnovation.com\/pt-br\/blog\/digital-sem-fronteiras-a-urgencia-da-transformacao-digital\/","url":"https:\/\/www.mjvinnovation.com\/pt-br\/blog\/digital-sem-fronteiras-a-urgencia-da-transformacao-digital\/","name":"Digital sem fronteiras: a urgente acelera\u00e7\u00e3o da transforma\u00e7\u00e3o digital em todos os mercados","isPartOf":{"@id":"https:\/\/www.mjvinnovation.com\/pt-br\/#website"},"primaryImageOfPage":{"@id":"https:\/\/www.mjvinnovation.com\/pt-br\/blog\/digital-sem-fronteiras-a-urgencia-da-transformacao-digital\/#primaryimage"},"image":{"@id":"https:\/\/www.mjvinnovation.com\/pt-br\/blog\/digital-sem-fronteiras-a-urgencia-da-transformacao-digital\/#primaryimage"},"thumbnailUrl":"https:\/\/www.mjvinnovation.com\/wp-content\/uploads\/2021\/07\/digital-sem-fronteiras.jpg","datePublished":"2020-11-30T20:04:15+00:00","dateModified":"2021-07-28T14:55:19+00:00","description":"Enquanto l\u00ea esse texto, j\u00e1 pensa nos nomes para o projeto Digital First na sua empresa. Acesse e entenda porqu\u00ea isso \u00e9 urgente!","breadcrumb":{"@id":"https:\/\/www.mjvinnovation.com\/pt-br\/blog\/digital-sem-fronteiras-a-urgencia-da-transformacao-digital\/#breadcrumb"},"inLanguage":"pt-BR","potentialAction":[{"@type":"ReadAction","target":["https:\/\/www.mjvinnovation.com\/pt-br\/blog\/digital-sem-fronteiras-a-urgencia-da-transformacao-digital\/"]}]},{"@type":"ImageObject","inLanguage":"pt-BR","@id":"https:\/\/www.mjvinnovation.com\/pt-br\/blog\/digital-sem-fronteiras-a-urgencia-da-transformacao-digital\/#primaryimage","url":"https:\/\/www.mjvinnovation.com\/wp-content\/uploads\/2021\/07\/digital-sem-fronteiras.jpg","contentUrl":"https:\/\/www.mjvinnovation.com\/wp-content\/uploads\/2021\/07\/digital-sem-fronteiras.jpg","width":1920,"height":1080,"caption":"Digital sem fronteiras"},{"@type":"BreadcrumbList","@id":"https:\/\/www.mjvinnovation.com\/pt-br\/blog\/digital-sem-fronteiras-a-urgencia-da-transformacao-digital\/#breadcrumb","itemListElement":[{"@type":"ListItem","position":1,"name":"Home","item":"https:\/\/www.mjvinnovation.com\/pt-br\/"},{"@type":"ListItem","position":2,"name":"Digital sem fronteiras: a urgente acelera\u00e7\u00e3o da transforma\u00e7\u00e3o digital em todos os mercados"}]},{"@type":"WebSite","@id":"https:\/\/www.mjvinnovation.com\/pt-br\/#website","url":"https:\/\/www.mjvinnovation.com\/pt-br\/","name":"MJV Technology &amp; Innovation","description":"We are people transforming business","publisher":{"@id":"https:\/\/www.mjvinnovation.com\/pt-br\/#organization"},"potentialAction":[{"@type":"SearchAction","target":{"@type":"EntryPoint","urlTemplate":"https:\/\/www.mjvinnovation.com\/pt-br\/?s={search_term_string}"},"query-input":{"@type":"PropertyValueSpecification","valueRequired":true,"valueName":"search_term_string"}}],"inLanguage":"pt-BR"},{"@type":"Organization","@id":"https:\/\/www.mjvinnovation.com\/pt-br\/#organization","name":"MJV Technology and Innovation","url":"https:\/\/www.mjvinnovation.com\/pt-br\/","logo":{"@type":"ImageObject","inLanguage":"pt-BR","@id":"https:\/\/www.mjvinnovation.com\/pt-br\/#\/schema\/logo\/image\/","url":"https:\/\/www.mjvinnovation.com\/wp-content\/uploads\/2021\/07\/logo_mjv_favicon.png","contentUrl":"https:\/\/www.mjvinnovation.com\/wp-content\/uploads\/2021\/07\/logo_mjv_favicon.png","width":128,"height":128,"caption":"MJV Technology and Innovation"},"image":{"@id":"https:\/\/www.mjvinnovation.com\/pt-br\/#\/schema\/logo\/image\/"},"sameAs":["https:\/\/www.facebook.com\/mjvinnovation\/","https:\/\/x.com\/MJVinnovation","https:\/\/www.instagram.com\/mjvinnovation\/","https:\/\/www.linkedin.com\/company\/mjv-tech-and-innovation","https:\/\/www.youtube.com\/channel\/UCUlTs06JlXwUd09Jzg9kqDA"]},{"@type":"Person","@id":"https:\/\/www.mjvinnovation.com\/pt-br\/#\/schema\/person\/5080b5d5134aa2a636596e1c04c0fc99","name":"MJV Team"}]}},"_links":{"self":[{"href":"https:\/\/www.mjvinnovation.com\/pt-br\/wp-json\/wp\/v2\/posts\/13284","targetHints":{"allow":["GET"]}}],"collection":[{"href":"https:\/\/www.mjvinnovation.com\/pt-br\/wp-json\/wp\/v2\/posts"}],"about":[{"href":"https:\/\/www.mjvinnovation.com\/pt-br\/wp-json\/wp\/v2\/types\/post"}],"author":[{"embeddable":true,"href":"https:\/\/www.mjvinnovation.com\/pt-br\/wp-json\/wp\/v2\/users\/6"}],"replies":[{"embeddable":true,"href":"https:\/\/www.mjvinnovation.com\/pt-br\/wp-json\/wp\/v2\/comments?post=13284"}],"version-history":[{"count":3,"href":"https:\/\/www.mjvinnovation.com\/pt-br\/wp-json\/wp\/v2\/posts\/13284\/revisions"}],"predecessor-version":[{"id":17628,"href":"https:\/\/www.mjvinnovation.com\/pt-br\/wp-json\/wp\/v2\/posts\/13284\/revisions\/17628"}],"wp:featuredmedia":[{"embeddable":true,"href":"https:\/\/www.mjvinnovation.com\/pt-br\/wp-json\/wp\/v2\/media\/13285"}],"wp:attachment":[{"href":"https:\/\/www.mjvinnovation.com\/pt-br\/wp-json\/wp\/v2\/media?parent=13284"}],"wp:term":[{"taxonomy":"category","embeddable":true,"href":"https:\/\/www.mjvinnovation.com\/pt-br\/wp-json\/wp\/v2\/categories?post=13284"},{"taxonomy":"post_tag","embeddable":true,"href":"https:\/\/www.mjvinnovation.com\/pt-br\/wp-json\/wp\/v2\/tags?post=13284"}],"curies":[{"name":"wp","href":"https:\/\/api.w.org\/{rel}","templated":true}]}}