{"id":12851,"date":"2020-08-17T20:21:49","date_gmt":"2020-08-17T23:21:49","guid":{"rendered":"https:\/\/www.mjvinnovation.com\/blog\/desafios-de-logistica-e-supply-chain\/"},"modified":"2021-07-19T23:46:39","modified_gmt":"2021-07-20T02:46:39","slug":"desafios-de-logistica-e-supply-chain","status":"publish","type":"post","link":"https:\/\/www.mjvinnovation.com\/pt-br\/blog\/desafios-de-logistica-e-supply-chain\/","title":{"rendered":"Os pr\u00f3ximos desafios da \u00e1rea de Log\u00edstica e Supply Chain: o que a p\u00f3s-pandemia desenha"},"content":{"rendered":"\n<p>O desconhecido e a vulnerabilidade s\u00e3o bem desconfort\u00e1veis. Por isso, momentos de transi\u00e7\u00e3o, por vezes, s\u00e3o vistos como crises, deixando passar o potencial inovativo que carregam em si.\u00a0<\/p>\n\n\n\n<p>Para entender um pouco mais do que acontece (e pode acontecer) com a \u00e1rea de Log\u00edstica e Supply Chain, vamos compartilhar alguns insights da nossa equipe de Design de Futuros e Inova\u00e7\u00e3o Antecipat\u00f3ria.<\/p>\n\n\n\n<h2 class=\"wp-block-heading\">Pr\u00f3ximo desafio: Log\u00edstica e Supply Chain&nbsp;<\/h2>\n\n\n\n<p>O grande questionamento das \u00e1reas de log\u00edstica e supply chain \u00e9 o fato de ser muito mais barato para o mercado voltar para o modelo que est\u00e1vamos antes: 30% do mundo produzia tudo na China para baratear o custo de opera\u00e7\u00e3o.&nbsp;<\/p>\n\n\n\n<p>Mas ser\u00e1 que s\u00f3 um sim ou n\u00e3o para essa quest\u00e3o n\u00e3o \u00e9 simplista demais? A resposta \u00e9 sim.&nbsp;<\/p>\n\n\n\n<p>Esse modelo que conhecemos \u00e9 altamente dependente da globaliza\u00e7\u00e3o. Qualquer motivo que fa\u00e7a essa globaliza\u00e7\u00e3o parar &#8211; como uma pandemia &#8211; para o mundo tamb\u00e9m. S\u00f3 que, nesse caso, ningu\u00e9m pode descer.&nbsp;<\/p>\n\n\n\n<p>Essa paralisa\u00e7\u00e3o vai al\u00e9m da quest\u00e3o da economia local. Hoje, h\u00e1 a interrup\u00e7\u00e3o, quase que completa, da produ\u00e7\u00e3o de bens e de recursos para produzir esses bens. Pelo menos nos moldes que estamos acostumados a ver: em larga escala e na China.&nbsp;&nbsp;<\/p>\n\n\n\n<h3 class=\"wp-block-heading\">O que h\u00e1 na incerteza?<\/h3>\n\n\n\n<p>Compartilhamos as polaridades que identificamos na incerteza de <strong>como fica a log\u00edstica e o supply chain nesse contexto<\/strong> de pandemia e tamb\u00e9m na p\u00f3s-pandemia. Vamos l\u00e1!&nbsp;<\/p>\n\n\n\n<p>POLARIDADE A<\/p>\n\n\n\n<ul class=\"wp-block-list\"><li>Como garantir a higieniza\u00e7\u00e3o, sa\u00fade e a n\u00e3o contamina\u00e7\u00e3o dos bens em termos de envio de log\u00edstica?<\/li><\/ul>\n\n\n\n<ul class=\"wp-block-list\"><li>Voltar para o modelo globalizado chin\u00eas &#8211; o mais barato at\u00e9 agora &#8211; que nos levou a uma s\u00e9rie de problemas -, excesso de polui\u00e7\u00e3o, cidades supersaturadas, inefici\u00eancia no descarte de lixo, explora\u00e7\u00e3o de recursos -, \u00e9 um futuro sustent\u00e1vel?&nbsp; Vale ressaltar que, antes mesmo do COVID-19, j\u00e1 era habitual encontrar pessoas usando m\u00e1scaras nas ruas chinesas, a cidade j\u00e1 estava irrespir\u00e1vel.&nbsp;<\/li><\/ul>\n\n\n\n<p>POLARIDADE B<\/p>\n\n\n\n<ul class=\"wp-block-list\"><li>A sociedade ficar com medo desse modelo de produ\u00e7\u00e3o centralizado na China e buscar formas de trazer as ind\u00fastrias para mais perto de casa, ou mesmo a busca por novos fornecedores locais de suprimentos e recursos.&nbsp;<\/li><\/ul>\n\n\n\n<p>O custo de trazer a produ\u00e7\u00e3o para a casa ser\u00e1 elevado, pois a infraestrutura ainda n\u00e3o est\u00e1 pronta e a sociedade est\u00e1 preocupada de passar por essa paralisa\u00e7\u00e3o novamente. Por\u00e9m, mesmo sendo caro, possibilitar\u00e1 a cria\u00e7\u00e3o de novos empregos, ajudando a aquecer a economia no p\u00f3s pandemia.&nbsp;<\/p>\n\n\n\n<ul class=\"wp-block-list\"><li>Para complementar a escolha do futuro que voc\u00ea quer construir, vamos trazer algumas tend\u00eancia bem relevantes quando a tarefa \u00e9 repensar e ressignificar a forma mais sustent\u00e1vel para as opera\u00e7\u00f5es de log\u00edstica e supply chain.&nbsp;<\/li><\/ul>\n\n\n\n<h2 class=\"wp-block-heading\">Pontos de aten\u00e7\u00e3o: o que \u00e9 importante anotar no caderninho&nbsp;<\/h2>\n\n\n\n<h3 class=\"wp-block-heading\">Economia Circular<\/h3>\n\n\n\n<p>Antes de come\u00e7ar a falar sobre essa economia mais consciente, vamos deixar algo bem claro: a economia circular <strong>n\u00e3o <\/strong>\u00e9 contra o capitalismo nem advoga contra o lucro.&nbsp; Muito pelo contr\u00e1rio, h\u00e1 uma infinidade de oportunidades de neg\u00f3cio invisibilizadas pela l\u00f3gica linear, que pensa apenas em core business &#8211; essa que nos trouxe at\u00e9 aqui.&nbsp;<\/p>\n\n\n\n<p>A for\u00e7a motriz dessa estrutura est\u00e1 na capacidade de gerar <strong>impacto positivo <\/strong>na sociedade e no meio ambiente, enquanto neg\u00f3cios se <strong>desenvolvem e lucram<\/strong>. Bem resumidamente, a economia circular vai olhar para a forma que produzimos, consumimos e descartamos. Mas n\u00e3o pense que \u00e9 somente isso, o que n\u00f3s temos aqui \u00e9 um <strong>mindset<\/strong>, uma nova Revolu\u00e7\u00e3o Industrial.&nbsp;<\/p>\n\n\n\n<h3 class=\"wp-block-heading\">Meio ambiente&nbsp;<\/h3>\n\n\n\n<p>Em m\u00e9dia, os bens f\u00edsicos que s\u00e3o consumidos t\u00eam apenas 5% da mat\u00e9ria prima utilizada para que eles fossem produzidos. Sim, \u00e9 necess\u00e1rio 20 vezes mais insumo para que produtos estejam prontos para as prateleiras. \u00c9 bem \u00f3bvio o que vamos falar aqui, mas \u00e9 necess\u00e1rio: <strong>os recursos s\u00e3o finitos, e a sociedade est\u00e1 sentindo isso na pele.&nbsp;<\/strong><\/p>\n\n\n\n<p>Para escoar a produ\u00e7\u00e3o do mundo, os sistemas de transportes a\u00e9reos, mar\u00edtimos e terrestres s\u00e3o sobrecarregados, gerando cada vez mais poluentes.<\/p>\n\n\n\n<p>Sem contar na luta para uma sociedade livre da escravid\u00e3o do pl\u00e1stico &#8211; mais da metade das embalagens de todos os produtos do mundo s\u00e3o feitas do material. Estima-se que at\u00e9 2050, haver\u00e1 mais pl\u00e1stico do que peixes nos oceanos.&nbsp;<\/p>\n\n\n\n<h3 class=\"wp-block-heading\">Novos modelos de neg\u00f3cio&nbsp;<\/h3>\n\n\n\n<p>A nova economia j\u00e1 est\u00e1 a\u00ed! Entender essa mudan\u00e7a \u00e9 prioridade. Alguns spoilers do que deve ser repensado:&nbsp;<\/p>\n\n\n\n<ul class=\"wp-block-list\"><li>A tecnologia \u00e9 o epicentro. \u00c9 ela que pode promover as disrup\u00e7\u00f5es necess\u00e1rias para neg\u00f3cios assumirem a dianteira do seu mercado e at\u00e9 mesmos criarem novos mercados para liderarem.&nbsp;<\/li><\/ul>\n\n\n\n<ul class=\"wp-block-list\"><li>Caminhamos para o fim das concorr\u00eancias feudais. Grande parte disso gra\u00e7as ao GAFA (Google, Amazon, Facebook e Apple), os 4 gigantes que ditam as regras do mercado quando o assunto \u00e9 tecnologia de ponta e mimam seus usu\u00e1rios com experi\u00eancias encantadoras.&nbsp;<\/li><\/ul>\n\n\n\n<p>N\u00e3o h\u00e1 como escapar da migra\u00e7\u00e3o para essa nova l\u00f3gica:<\/p>\n\n\n\n<ul class=\"wp-block-list\"><li>Mais ecossistema e menos empresa<\/li><li>Mais abund\u00e2ncia e menos escassez<\/li><li>Mais horizontal e menos vertical<\/li><\/ul>\n\n\n\n<p>A cultura ganha bastante protagonismo tamb\u00e9m. \u00c9 ela que faz a transforma\u00e7\u00e3o acontecer. Afinal, ela carrega o jeito da empresa fazer, quando ningu\u00e9m est\u00e1 na sala olhando. Sim, isso \u00e9 DNA; cultura s\u00f3 no papel n\u00e3o muda nada.&nbsp;<\/p>\n\n\n\n<p>Vale pensar em uma r\u00e9gua de transforma\u00e7\u00e3o que n\u00f3s leva da economia cl\u00e1ssica \u00e0 p\u00f3s-digital.<\/p>\n\n\n\n<ul class=\"wp-block-list\"><li><strong>Economia Cl\u00e1ssica: <\/strong>modelo piramidal. Ampla alta c\u00fapula. Gest\u00e3o mais centralizada &#8211; top down.&nbsp; Mais linear e industrial. Muitas j\u00e1 s\u00e3o digitalizadas, o que n\u00e3o quer dizer que rodam no mindset digital.&nbsp;<\/li><\/ul>\n\n\n\n<ul class=\"wp-block-list\"><li><strong>Economia Digital: <\/strong>pequenas, enxutas, leves e inovadoras. Como s\u00e3o menores, contam com lideran\u00e7as mais descentralizadas, o que proporciona muita efici\u00eancia. Automa\u00e7\u00e3o e intelig\u00eancia artificial alicer\u00e7am a gest\u00e3o. A era das startups mudou bastante a cara das empresas e esse tipo de modelo de neg\u00f3cio n\u00e3o \u00e9 nenhuma novidade.&nbsp;<\/li><\/ul>\n\n\n\n<ul class=\"wp-block-list\"><li><strong>Economia P\u00f3s-digital: <\/strong>esse \u00e9 o ponto de chegada da jornada de transforma\u00e7\u00e3o de modelos de neg\u00f3cios, por enquanto. Aqui, temos empresas virtuais. Sim, elas existem se tem gente trabalhando; mas se n\u00e3o tem, n\u00e3o existem. Seu ciclo de vida tamb\u00e9m \u00e9 diferente do que conhecemos: a alta c\u00fapula investe durante um tempo e depois deixa o legado para a sociedade. N\u00e3o h\u00e1 gest\u00e3o, tudo \u00e9 feito a partir de&nbsp; tecnologias emergentes, como blockchain.&nbsp;<\/li><\/ul>\n\n\n\n<h3 class=\"wp-block-heading\">Ind\u00fastria 4.0&nbsp;<\/h3>\n\n\n\n<p>A Quarta Revolu\u00e7\u00e3o Industrial \u00e9 o fen\u00f4meno da ado\u00e7\u00e3o de ferramentas, recursos e servi\u00e7os tecnol\u00f3gicos inovadores para otimizar a gest\u00e3o dos mais variados aspectos industriais.&nbsp;<\/p>\n\n\n\n<p>Isso inclui desde o design at\u00e9 a automa\u00e7\u00e3o de processos de manufatura, passando pela cadeia de fornecimento, entre outros aspectos do cotidiano operacional e administrativo.<\/p>\n\n\n\n<p>Especialistas apontam quatro grandes for\u00e7as que impulsionam o movimento:<\/p>\n\n\n\n<ol class=\"wp-block-list\"><li>Crescimento surpreendente do volume de dados (Big Data)<\/li><li>Surgimento de ferramentas, recursos e m\u00e9todos para an\u00e1lise de dados<\/li><li>As inovadoras possibilidades de intera\u00e7\u00e3o homem-m\u00e1quina<\/li><li>Aprimoramentos da transfer\u00eancia de instru\u00e7\u00f5es digitais para o mundo f\u00edsico<\/li><\/ol>\n\n\n\n<p>Perceba que n\u00e3o se trata simplesmente de implementar ferramentas para automatizar os processos de neg\u00f3cios. \u00c9 algo muito mais profundo e superior \u00e0 simples automatiza\u00e7\u00e3o.&nbsp;<\/p>\n\n\n\n<h3 class=\"wp-block-heading\">Prop\u00f3sito&nbsp;<\/h3>\n\n\n\n<p>A era da experi\u00eancia do usu\u00e1rio ganha mais relev\u00e2ncia ainda em tempos de transi\u00e7\u00e3o. <strong>O consumidor segue mais consciente do que nunca.&nbsp;<\/strong><\/p>\n\n\n\n<p>A busca por v\u00ednculos cada vez mais alinhados com valores mais sens\u00edveis abre precedentes para questionamentos, como \u201co que as empresas fazem de relevante para o mundo?\u201d.<\/p>\n\n\n\n<p>Surge a necessidade de ultrapassar as barreiras da pr\u00f3pria organiza\u00e7\u00e3o e se comprometer com uma miss\u00e3o que impacte o mundo de forma positiva.&nbsp;<\/p>\n\n\n\n<h3 class=\"wp-block-heading\">Novo Consumidor<\/h3>\n\n\n\n<p>H\u00e1 um tempo, os consumidores exigem mais das marcas em troca do seu cora\u00e7\u00e3o (e do seu dinheiro, claro!). Produtos e servi\u00e7os sozinhos n\u00e3o s\u00e3o suficientes para desenvolver um neg\u00f3cio lucrativo e sustent\u00e1vel durante muito tempo.<\/p>\n\n\n\n<p>Cada vez mais, os clientes tendem a rejeitar o gen\u00e9rico, os produtos massificados, t\u00eam consci\u00eancia do impacto negativo que o consumo exacerbado causa no mundo e j\u00e1 buscam consumir dos pequenos produtores que est\u00e3o no seu entorno.&nbsp;<\/p>\n\n\n\n<p>O motivo disso j\u00e1 falamos aqui. Ele mora exatamente em quatro letras: GAFA. O modelo nada mais \u00e9 do que o efeito causado na sociedade pelo grupo Google, Amazon, Facebook e Apple. Os quatro gigantes da tecnologia acostumaram seus usu\u00e1rios a terem qualquer coisa na palma da m\u00e3o: com apenas um clique na tela de um smartphone.&nbsp;<\/p>\n\n\n\n<h3 class=\"wp-block-heading\">Solu\u00e7\u00f5es para o futuro da Log\u00edstica e Supply Chain&nbsp;<\/h3>\n\n\n\n<p>O momento pede um novo olhar para o futuro \u2014 preferencialmente de forma otimista. Pensar nele e em como podemos construir futuros bem mais desej\u00e1veis e alinhados com com valores mais sens\u00edveis que passam a fazer, cada vez mais, parte da nossa vida.&nbsp;<\/p>\n\n\n\n<p>Se voc\u00ea quiser cocriar futuros para sua \u00e1rea de log\u00edstica e supply chain, listamos alguns passos que podem te ajudar muito.<\/p>\n\n\n\n<h4 class=\"wp-block-heading\">Construir conhecimento<\/h4>\n\n\n\n<p>Qualquer que seja a sua escolha, \u00e9 preciso mergulhar fundo e entender a mudan\u00e7a que sua empresa ter\u00e1 que fazer para operar nesse novo modelo. Identifique quais tecnologias podem potencializar seus processos e fortale\u00e7a ou at\u00e9 crie a cultura do seu neg\u00f3cio.&nbsp;<\/p>\n\n\n\n<h4 class=\"wp-block-heading\">A tecnologia \u00e9 o epicentro. \u00c9 ela que pode promover as disrup\u00e7\u00f5es necess\u00e1rias para neg\u00f3cios assumirem a dianteira do seu mercado e at\u00e9 mesmos criarem novos mercados para liderarem. &nbsp;<\/h4>\n\n\n\n<p>Ecossistema de fornecedores \u00e9 algo vital para o core business de produ\u00e7\u00e3o. Hoje, a maioria deles est\u00e3o na China. Mas trazer toda a sua produ\u00e7\u00e3o, ou parte dela, para perto de voc\u00ea vai demandar uma carteira nova de fornecedores.&nbsp;<\/p>\n\n\n\n<p>A Inova\u00e7\u00e3o Aberta \u00e9 um m\u00e9todo de colabora\u00e7\u00e3o externa que pode ajudar bastante com essa tarefa.&nbsp;<\/p>\n\n\n\n<ul class=\"wp-block-list\"><li>Permite que ind\u00fastrias e empresas promovam ideias, pesquisas e processos abertos para desenvolver solu\u00e7\u00f5es inovadoras&nbsp;&nbsp;<\/li><li>Promovem acesso a mercados e p\u00fablicos onde os parceiros t\u00eam mais ader\u00eancia e a empresa tem participa\u00e7\u00e3o limitada<\/li><li>Possibilitam novas oportunidades comerciais atrav\u00e9s de atividades de P&amp;D n\u00e3o exploradas internamente por falta de <em>know-how<\/em> at\u00e9 chegarem \u00e0 redu\u00e7\u00e3o do tempo e custo de produtos e servi\u00e7os<\/li><\/ul>\n\n\n\n<h4 class=\"wp-block-heading\">Dados&nbsp;<\/h4>\n\n\n\n<p>F\u00e1bricas direcionadas por dados, essa \u00e9 a Ind\u00fastria 4.0.&nbsp;<\/p>\n\n\n\n<p>O caminho \u00e9:<\/p>\n\n\n\n<ul class=\"wp-block-list\"><li>Investir em tecnologia para aumentar produtividade<\/li><li>Reduzir custos de manuten\u00e7\u00e3o de equipamentos e consumo de energia<\/li><\/ul>\n\n\n\n<p>Voc\u00ea deve estar se perguntando o que justifica esse investimento todo? O <strong>aumento da efici\u00eancia do trabalho<\/strong>.&nbsp;<\/p>\n\n\n\n<p>A <a href=\"https:\/\/conteudo.mjv.com.br\/ebook\/internet-das-coisas-conectividade-analise-de-dados?_ga=2.228187669.945844183.1586807878-1397034896.1546904508\">Internet das Coisas<\/a> se torna fundamental para garantir a habilidade dos sistemas ciber-f\u00edsicos (suporte de pe\u00e7as, esta\u00e7\u00f5es de montagem e produtos), das pessoas e das f\u00e1bricas inteligentes se comunicarem entre si.&nbsp;<\/p>\n\n\n\n<p>Ela possibilita, <strong>com todos os dados coletados<\/strong>, a melhoria dos processos e tomadas de decis\u00e3o em momentos-chave, como esse que vivemos agora.<\/p>\n\n\n\n<h4 class=\"wp-block-heading\">Governan\u00e7a de Dados&nbsp;<\/h4>\n\n\n\n<p>&nbsp;A <a href=\"https:\/\/www.mjvinnovation.com\/pt-br\/blog\/governanca-de-dados-por-que-e-como-implementar\/\">Governan\u00e7a de Dados<\/a> \u00e9 o exerc\u00edcio de autoridade e controle (planejamento, monitoramento e fiscaliza\u00e7\u00e3o) sobre o gerenciamento de ativos de dados.<\/p>\n\n\n\n<p>A falta de governan\u00e7a efetiva de dados dentro de uma empresa garante uma coisa: a exist\u00eancia de dados ruins, que criam uma base de informa\u00e7\u00f5es cheia de insights equivocados. Esses dados se manifestam em defini\u00e7\u00f5es inconsistentes, duplicatas, campos ausentes etc.&nbsp;<\/p>\n\n\n\n<h2 class=\"wp-block-heading\">Quando chegar\u00e1 o novo?<\/h2>\n\n\n\n<p>Zygmunt Bauman chama esse tr\u00e2nsito que vivemos de <strong><em>tempos de interregno<\/em><\/strong>. Estamos entre <em>o que n\u00e3o \u00e9 mais e o que n\u00e3o \u00e9 ainda<\/em>. O modelo velho j\u00e1 n\u00e3o nos serve mais e o novo ainda n\u00e3o est\u00e1 pronto.&nbsp;<\/p>\n\n\n\n<p>Mas fique tranquilo! Acreditamos que muitas coisas v\u00e3o mudar para melhor dentro desse cen\u00e1rio caos e colapso. Para isso, s\u00e3o necess\u00e1rias disciplina e resili\u00eancia para sustentar essas transi\u00e7\u00f5es at\u00e9 que estejamos totalmente adaptados.&nbsp;<\/p>\n\n\n\n<p>Sabemos que construir esse novo normal \u00e9 um desafio muito grande. Pode ser que n\u00e3o seja f\u00e1cil, mas \u00e9 poss\u00edvel. Para isso, n\u00f3s da MJV temos feito um grande exerc\u00edcio de pensar em como podemos aprender e fazer juntos essas transforma\u00e7\u00f5es. Estamos debru\u00e7ados em um projeto muito extenso que chama-se P\u00f3s-Normal.<\/p>\n\n\n\n<p>Dessa forma, estamos trazendo todas as implica\u00e7\u00f5es do que significa o Covid-19 em diversas \u00e1reas para tentarmos entender quais s\u00e3o as novas formas de organiza\u00e7\u00e3o que podem surgir a partir da sua dissemina\u00e7\u00e3o.&nbsp;<\/p>\n\n\n\n<p>Aproveitamos para deixar aqui um convite. Vamos construir juntos o novo normal? Antes que construam para n\u00f3s.\u00a0<\/p>\n\n\n\n<figure class=\"wp-block-image size-large\"><a href=\"https:\/\/services.mjvinnovation.com\/pt-br\/pesquisa\/novo-normal-em-construcao\/\"><img decoding=\"async\" data-src=\"https:\/\/conteudo.mjv.com.br\/hubfs\/Pesquisa%20-%20Novo-normal%20em%20constru%C3%A7%C3%A3o\/mjv_LP_VidaPosCOVID-19_email_CTA_pt.jpg\" alt=\"Acesse a pesquisa Novo-Normal em Constru\u00e7\u00e3o\" title=\"Novo-normal em Constru\u00e7\u00e3o | MJV Innovation\" src=\"data:image\/svg+xml;base64,PHN2ZyB3aWR0aD0iMSIgaGVpZ2h0PSIxIiB4bWxucz0iaHR0cDovL3d3dy53My5vcmcvMjAwMC9zdmciPjwvc3ZnPg==\" class=\"lazyload\" \/><\/a><\/figure>\n","protected":false},"excerpt":{"rendered":"O desafio do presente \u00e9 construir o novo. Pode parecer rom\u00e2ntico, mas \u00e9 a mais pura verdade. E, acredite, isso j\u00e1 aconteceu em outros momentos da hist\u00f3ria.","protected":false},"author":6,"featured_media":7726,"comment_status":"open","ping_status":"open","sticky":false,"template":"","format":"standard","meta":{"_acf_changed":false,"footnotes":""},"categories":[143,146],"tags":[],"class_list":["post-12851","post","type-post","status-publish","format-standard","has-post-thumbnail","hentry","category-inovacao","category-modelos-de-negocio"],"acf":[],"yoast_head":"<!-- This site is optimized with the Yoast SEO plugin v26.0 - https:\/\/yoast.com\/wordpress\/plugins\/seo\/ -->\n<title>Os pr\u00f3ximos desafios da \u00e1rea de Log\u00edstica e Supply Chain: o que a p\u00f3s-pandemia desenha<\/title>\n<meta name=\"description\" content=\"Para entender um pouco do que acontece com a \u00e1rea de Log\u00edstica e Supply Chain, vamos compartilhar insights de Design de Futuros e Inova\u00e7\u00e3o Antecipat\u00f3ria.\" \/>\n<meta name=\"robots\" content=\"index, follow, max-snippet:-1, max-image-preview:large, max-video-preview:-1\" \/>\n<link rel=\"canonical\" href=\"https:\/\/www.mjvinnovation.com\/pt-br\/blog\/desafios-de-logistica-e-supply-chain\/\" \/>\n<meta property=\"og:locale\" content=\"pt_BR\" \/>\n<meta property=\"og:type\" content=\"article\" \/>\n<meta property=\"og:title\" content=\"Os pr\u00f3ximos desafios da \u00e1rea de Log\u00edstica e Supply Chain: o que a p\u00f3s-pandemia desenha\" \/>\n<meta property=\"og:description\" content=\"Para entender um pouco do que acontece com a \u00e1rea de Log\u00edstica e Supply Chain, vamos compartilhar insights de Design de Futuros e Inova\u00e7\u00e3o Antecipat\u00f3ria.\" \/>\n<meta property=\"og:url\" content=\"https:\/\/www.mjvinnovation.com\/pt-br\/blog\/desafios-de-logistica-e-supply-chain\/\" \/>\n<meta property=\"og:site_name\" content=\"MJV Technology &amp; Innovation\" \/>\n<meta property=\"article:publisher\" content=\"https:\/\/www.facebook.com\/mjvinnovation\/\" \/>\n<meta property=\"article:published_time\" content=\"2020-08-17T23:21:49+00:00\" \/>\n<meta property=\"article:modified_time\" content=\"2021-07-20T02:46:39+00:00\" \/>\n<meta property=\"og:image\" content=\"https:\/\/www.mjvinnovation.com\/wp-content\/uploads\/2021\/07\/logistica-supply-chain.jpg\" \/>\n\t<meta property=\"og:image:width\" content=\"1920\" \/>\n\t<meta property=\"og:image:height\" content=\"1080\" \/>\n\t<meta property=\"og:image:type\" content=\"image\/jpeg\" \/>\n<meta name=\"author\" content=\"MJV Team\" \/>\n<meta name=\"twitter:card\" content=\"summary_large_image\" \/>\n<meta name=\"twitter:creator\" content=\"@MJVinnovation\" \/>\n<meta name=\"twitter:site\" content=\"@MJVinnovation\" \/>\n<meta name=\"twitter:label1\" content=\"Escrito por\" \/>\n\t<meta name=\"twitter:data1\" content=\"MJV Team\" \/>\n\t<meta name=\"twitter:label2\" content=\"Est. tempo de leitura\" \/>\n\t<meta name=\"twitter:data2\" content=\"11 minutos\" \/>\n<script type=\"application\/ld+json\" class=\"yoast-schema-graph\">{\"@context\":\"https:\/\/schema.org\",\"@graph\":[{\"@type\":\"Article\",\"@id\":\"https:\/\/www.mjvinnovation.com\/pt-br\/blog\/desafios-de-logistica-e-supply-chain\/#article\",\"isPartOf\":{\"@id\":\"https:\/\/www.mjvinnovation.com\/pt-br\/blog\/desafios-de-logistica-e-supply-chain\/\"},\"author\":{\"name\":\"MJV Team\",\"@id\":\"https:\/\/www.mjvinnovation.com\/pt-br\/#\/schema\/person\/5080b5d5134aa2a636596e1c04c0fc99\"},\"headline\":\"Os pr\u00f3ximos desafios da \u00e1rea de Log\u00edstica e Supply Chain: o que a p\u00f3s-pandemia desenha\",\"datePublished\":\"2020-08-17T23:21:49+00:00\",\"dateModified\":\"2021-07-20T02:46:39+00:00\",\"mainEntityOfPage\":{\"@id\":\"https:\/\/www.mjvinnovation.com\/pt-br\/blog\/desafios-de-logistica-e-supply-chain\/\"},\"wordCount\":2190,\"commentCount\":0,\"publisher\":{\"@id\":\"https:\/\/www.mjvinnovation.com\/pt-br\/#organization\"},\"image\":{\"@id\":\"https:\/\/www.mjvinnovation.com\/pt-br\/blog\/desafios-de-logistica-e-supply-chain\/#primaryimage\"},\"thumbnailUrl\":\"https:\/\/www.mjvinnovation.com\/wp-content\/uploads\/2021\/07\/logistica-supply-chain.jpg\",\"articleSection\":[\"Inova\u00e7\u00e3o\",\"Modelos de Neg\u00f3cio\"],\"inLanguage\":\"pt-BR\",\"potentialAction\":[{\"@type\":\"CommentAction\",\"name\":\"Comment\",\"target\":[\"https:\/\/www.mjvinnovation.com\/pt-br\/blog\/desafios-de-logistica-e-supply-chain\/#respond\"]}]},{\"@type\":\"WebPage\",\"@id\":\"https:\/\/www.mjvinnovation.com\/pt-br\/blog\/desafios-de-logistica-e-supply-chain\/\",\"url\":\"https:\/\/www.mjvinnovation.com\/pt-br\/blog\/desafios-de-logistica-e-supply-chain\/\",\"name\":\"Os pr\u00f3ximos desafios da \u00e1rea de Log\u00edstica e Supply Chain: o que a p\u00f3s-pandemia desenha\",\"isPartOf\":{\"@id\":\"https:\/\/www.mjvinnovation.com\/pt-br\/#website\"},\"primaryImageOfPage\":{\"@id\":\"https:\/\/www.mjvinnovation.com\/pt-br\/blog\/desafios-de-logistica-e-supply-chain\/#primaryimage\"},\"image\":{\"@id\":\"https:\/\/www.mjvinnovation.com\/pt-br\/blog\/desafios-de-logistica-e-supply-chain\/#primaryimage\"},\"thumbnailUrl\":\"https:\/\/www.mjvinnovation.com\/wp-content\/uploads\/2021\/07\/logistica-supply-chain.jpg\",\"datePublished\":\"2020-08-17T23:21:49+00:00\",\"dateModified\":\"2021-07-20T02:46:39+00:00\",\"description\":\"Para entender um pouco do que acontece com a \u00e1rea de Log\u00edstica e Supply Chain, vamos compartilhar insights de Design de Futuros e Inova\u00e7\u00e3o Antecipat\u00f3ria.\",\"breadcrumb\":{\"@id\":\"https:\/\/www.mjvinnovation.com\/pt-br\/blog\/desafios-de-logistica-e-supply-chain\/#breadcrumb\"},\"inLanguage\":\"pt-BR\",\"potentialAction\":[{\"@type\":\"ReadAction\",\"target\":[\"https:\/\/www.mjvinnovation.com\/pt-br\/blog\/desafios-de-logistica-e-supply-chain\/\"]}]},{\"@type\":\"ImageObject\",\"inLanguage\":\"pt-BR\",\"@id\":\"https:\/\/www.mjvinnovation.com\/pt-br\/blog\/desafios-de-logistica-e-supply-chain\/#primaryimage\",\"url\":\"https:\/\/www.mjvinnovation.com\/wp-content\/uploads\/2021\/07\/logistica-supply-chain.jpg\",\"contentUrl\":\"https:\/\/www.mjvinnovation.com\/wp-content\/uploads\/2021\/07\/logistica-supply-chain.jpg\",\"width\":1920,\"height\":1080,\"caption\":\"Blog post sobre Log\u00edstica e Supply Chain\"},{\"@type\":\"BreadcrumbList\",\"@id\":\"https:\/\/www.mjvinnovation.com\/pt-br\/blog\/desafios-de-logistica-e-supply-chain\/#breadcrumb\",\"itemListElement\":[{\"@type\":\"ListItem\",\"position\":1,\"name\":\"Home\",\"item\":\"https:\/\/www.mjvinnovation.com\/pt-br\/\"},{\"@type\":\"ListItem\",\"position\":2,\"name\":\"Os pr\u00f3ximos desafios da \u00e1rea de Log\u00edstica e Supply Chain: o que a p\u00f3s-pandemia desenha\"}]},{\"@type\":\"WebSite\",\"@id\":\"https:\/\/www.mjvinnovation.com\/pt-br\/#website\",\"url\":\"https:\/\/www.mjvinnovation.com\/pt-br\/\",\"name\":\"MJV Technology &amp; Innovation\",\"description\":\"We are people transforming business\",\"publisher\":{\"@id\":\"https:\/\/www.mjvinnovation.com\/pt-br\/#organization\"},\"potentialAction\":[{\"@type\":\"SearchAction\",\"target\":{\"@type\":\"EntryPoint\",\"urlTemplate\":\"https:\/\/www.mjvinnovation.com\/pt-br\/?s={search_term_string}\"},\"query-input\":{\"@type\":\"PropertyValueSpecification\",\"valueRequired\":true,\"valueName\":\"search_term_string\"}}],\"inLanguage\":\"pt-BR\"},{\"@type\":\"Organization\",\"@id\":\"https:\/\/www.mjvinnovation.com\/pt-br\/#organization\",\"name\":\"MJV Technology and Innovation\",\"url\":\"https:\/\/www.mjvinnovation.com\/pt-br\/\",\"logo\":{\"@type\":\"ImageObject\",\"inLanguage\":\"pt-BR\",\"@id\":\"https:\/\/www.mjvinnovation.com\/pt-br\/#\/schema\/logo\/image\/\",\"url\":\"https:\/\/www.mjvinnovation.com\/wp-content\/uploads\/2021\/07\/logo_mjv_favicon.png\",\"contentUrl\":\"https:\/\/www.mjvinnovation.com\/wp-content\/uploads\/2021\/07\/logo_mjv_favicon.png\",\"width\":128,\"height\":128,\"caption\":\"MJV Technology and Innovation\"},\"image\":{\"@id\":\"https:\/\/www.mjvinnovation.com\/pt-br\/#\/schema\/logo\/image\/\"},\"sameAs\":[\"https:\/\/www.facebook.com\/mjvinnovation\/\",\"https:\/\/x.com\/MJVinnovation\",\"https:\/\/www.instagram.com\/mjvinnovation\/\",\"https:\/\/www.linkedin.com\/company\/mjv-tech-and-innovation\",\"https:\/\/www.youtube.com\/channel\/UCUlTs06JlXwUd09Jzg9kqDA\"]},{\"@type\":\"Person\",\"@id\":\"https:\/\/www.mjvinnovation.com\/pt-br\/#\/schema\/person\/5080b5d5134aa2a636596e1c04c0fc99\",\"name\":\"MJV Team\"}]}<\/script>\n<!-- \/ Yoast SEO plugin. -->","yoast_head_json":{"title":"Os pr\u00f3ximos desafios da \u00e1rea de Log\u00edstica e Supply Chain: o que a p\u00f3s-pandemia desenha","description":"Para entender um pouco do que acontece com a \u00e1rea de Log\u00edstica e Supply Chain, vamos compartilhar insights de Design de Futuros e Inova\u00e7\u00e3o Antecipat\u00f3ria.","robots":{"index":"index","follow":"follow","max-snippet":"max-snippet:-1","max-image-preview":"max-image-preview:large","max-video-preview":"max-video-preview:-1"},"canonical":"https:\/\/www.mjvinnovation.com\/pt-br\/blog\/desafios-de-logistica-e-supply-chain\/","og_locale":"pt_BR","og_type":"article","og_title":"Os pr\u00f3ximos desafios da \u00e1rea de Log\u00edstica e Supply Chain: o que a p\u00f3s-pandemia desenha","og_description":"Para entender um pouco do que acontece com a \u00e1rea de Log\u00edstica e Supply Chain, vamos compartilhar insights de Design de Futuros e Inova\u00e7\u00e3o Antecipat\u00f3ria.","og_url":"https:\/\/www.mjvinnovation.com\/pt-br\/blog\/desafios-de-logistica-e-supply-chain\/","og_site_name":"MJV Technology &amp; Innovation","article_publisher":"https:\/\/www.facebook.com\/mjvinnovation\/","article_published_time":"2020-08-17T23:21:49+00:00","article_modified_time":"2021-07-20T02:46:39+00:00","og_image":[{"width":1920,"height":1080,"url":"https:\/\/www.mjvinnovation.com\/wp-content\/uploads\/2021\/07\/logistica-supply-chain.jpg","type":"image\/jpeg"}],"author":"MJV Team","twitter_card":"summary_large_image","twitter_creator":"@MJVinnovation","twitter_site":"@MJVinnovation","twitter_misc":{"Escrito por":"MJV Team","Est. tempo de leitura":"11 minutos"},"schema":{"@context":"https:\/\/schema.org","@graph":[{"@type":"Article","@id":"https:\/\/www.mjvinnovation.com\/pt-br\/blog\/desafios-de-logistica-e-supply-chain\/#article","isPartOf":{"@id":"https:\/\/www.mjvinnovation.com\/pt-br\/blog\/desafios-de-logistica-e-supply-chain\/"},"author":{"name":"MJV Team","@id":"https:\/\/www.mjvinnovation.com\/pt-br\/#\/schema\/person\/5080b5d5134aa2a636596e1c04c0fc99"},"headline":"Os pr\u00f3ximos desafios da \u00e1rea de Log\u00edstica e Supply Chain: o que a p\u00f3s-pandemia desenha","datePublished":"2020-08-17T23:21:49+00:00","dateModified":"2021-07-20T02:46:39+00:00","mainEntityOfPage":{"@id":"https:\/\/www.mjvinnovation.com\/pt-br\/blog\/desafios-de-logistica-e-supply-chain\/"},"wordCount":2190,"commentCount":0,"publisher":{"@id":"https:\/\/www.mjvinnovation.com\/pt-br\/#organization"},"image":{"@id":"https:\/\/www.mjvinnovation.com\/pt-br\/blog\/desafios-de-logistica-e-supply-chain\/#primaryimage"},"thumbnailUrl":"https:\/\/www.mjvinnovation.com\/wp-content\/uploads\/2021\/07\/logistica-supply-chain.jpg","articleSection":["Inova\u00e7\u00e3o","Modelos de Neg\u00f3cio"],"inLanguage":"pt-BR","potentialAction":[{"@type":"CommentAction","name":"Comment","target":["https:\/\/www.mjvinnovation.com\/pt-br\/blog\/desafios-de-logistica-e-supply-chain\/#respond"]}]},{"@type":"WebPage","@id":"https:\/\/www.mjvinnovation.com\/pt-br\/blog\/desafios-de-logistica-e-supply-chain\/","url":"https:\/\/www.mjvinnovation.com\/pt-br\/blog\/desafios-de-logistica-e-supply-chain\/","name":"Os pr\u00f3ximos desafios da \u00e1rea de Log\u00edstica e Supply Chain: o que a p\u00f3s-pandemia desenha","isPartOf":{"@id":"https:\/\/www.mjvinnovation.com\/pt-br\/#website"},"primaryImageOfPage":{"@id":"https:\/\/www.mjvinnovation.com\/pt-br\/blog\/desafios-de-logistica-e-supply-chain\/#primaryimage"},"image":{"@id":"https:\/\/www.mjvinnovation.com\/pt-br\/blog\/desafios-de-logistica-e-supply-chain\/#primaryimage"},"thumbnailUrl":"https:\/\/www.mjvinnovation.com\/wp-content\/uploads\/2021\/07\/logistica-supply-chain.jpg","datePublished":"2020-08-17T23:21:49+00:00","dateModified":"2021-07-20T02:46:39+00:00","description":"Para entender um pouco do que acontece com a \u00e1rea de Log\u00edstica e Supply Chain, vamos compartilhar insights de Design de Futuros e Inova\u00e7\u00e3o Antecipat\u00f3ria.","breadcrumb":{"@id":"https:\/\/www.mjvinnovation.com\/pt-br\/blog\/desafios-de-logistica-e-supply-chain\/#breadcrumb"},"inLanguage":"pt-BR","potentialAction":[{"@type":"ReadAction","target":["https:\/\/www.mjvinnovation.com\/pt-br\/blog\/desafios-de-logistica-e-supply-chain\/"]}]},{"@type":"ImageObject","inLanguage":"pt-BR","@id":"https:\/\/www.mjvinnovation.com\/pt-br\/blog\/desafios-de-logistica-e-supply-chain\/#primaryimage","url":"https:\/\/www.mjvinnovation.com\/wp-content\/uploads\/2021\/07\/logistica-supply-chain.jpg","contentUrl":"https:\/\/www.mjvinnovation.com\/wp-content\/uploads\/2021\/07\/logistica-supply-chain.jpg","width":1920,"height":1080,"caption":"Blog post sobre Log\u00edstica e Supply Chain"},{"@type":"BreadcrumbList","@id":"https:\/\/www.mjvinnovation.com\/pt-br\/blog\/desafios-de-logistica-e-supply-chain\/#breadcrumb","itemListElement":[{"@type":"ListItem","position":1,"name":"Home","item":"https:\/\/www.mjvinnovation.com\/pt-br\/"},{"@type":"ListItem","position":2,"name":"Os pr\u00f3ximos desafios da \u00e1rea de Log\u00edstica e Supply Chain: o que a p\u00f3s-pandemia desenha"}]},{"@type":"WebSite","@id":"https:\/\/www.mjvinnovation.com\/pt-br\/#website","url":"https:\/\/www.mjvinnovation.com\/pt-br\/","name":"MJV Technology &amp; Innovation","description":"We are people transforming business","publisher":{"@id":"https:\/\/www.mjvinnovation.com\/pt-br\/#organization"},"potentialAction":[{"@type":"SearchAction","target":{"@type":"EntryPoint","urlTemplate":"https:\/\/www.mjvinnovation.com\/pt-br\/?s={search_term_string}"},"query-input":{"@type":"PropertyValueSpecification","valueRequired":true,"valueName":"search_term_string"}}],"inLanguage":"pt-BR"},{"@type":"Organization","@id":"https:\/\/www.mjvinnovation.com\/pt-br\/#organization","name":"MJV Technology and Innovation","url":"https:\/\/www.mjvinnovation.com\/pt-br\/","logo":{"@type":"ImageObject","inLanguage":"pt-BR","@id":"https:\/\/www.mjvinnovation.com\/pt-br\/#\/schema\/logo\/image\/","url":"https:\/\/www.mjvinnovation.com\/wp-content\/uploads\/2021\/07\/logo_mjv_favicon.png","contentUrl":"https:\/\/www.mjvinnovation.com\/wp-content\/uploads\/2021\/07\/logo_mjv_favicon.png","width":128,"height":128,"caption":"MJV Technology and Innovation"},"image":{"@id":"https:\/\/www.mjvinnovation.com\/pt-br\/#\/schema\/logo\/image\/"},"sameAs":["https:\/\/www.facebook.com\/mjvinnovation\/","https:\/\/x.com\/MJVinnovation","https:\/\/www.instagram.com\/mjvinnovation\/","https:\/\/www.linkedin.com\/company\/mjv-tech-and-innovation","https:\/\/www.youtube.com\/channel\/UCUlTs06JlXwUd09Jzg9kqDA"]},{"@type":"Person","@id":"https:\/\/www.mjvinnovation.com\/pt-br\/#\/schema\/person\/5080b5d5134aa2a636596e1c04c0fc99","name":"MJV Team"}]}},"_links":{"self":[{"href":"https:\/\/www.mjvinnovation.com\/pt-br\/wp-json\/wp\/v2\/posts\/12851","targetHints":{"allow":["GET"]}}],"collection":[{"href":"https:\/\/www.mjvinnovation.com\/pt-br\/wp-json\/wp\/v2\/posts"}],"about":[{"href":"https:\/\/www.mjvinnovation.com\/pt-br\/wp-json\/wp\/v2\/types\/post"}],"author":[{"embeddable":true,"href":"https:\/\/www.mjvinnovation.com\/pt-br\/wp-json\/wp\/v2\/users\/6"}],"replies":[{"embeddable":true,"href":"https:\/\/www.mjvinnovation.com\/pt-br\/wp-json\/wp\/v2\/comments?post=12851"}],"version-history":[{"count":1,"href":"https:\/\/www.mjvinnovation.com\/pt-br\/wp-json\/wp\/v2\/posts\/12851\/revisions"}],"predecessor-version":[{"id":16952,"href":"https:\/\/www.mjvinnovation.com\/pt-br\/wp-json\/wp\/v2\/posts\/12851\/revisions\/16952"}],"wp:featuredmedia":[{"embeddable":true,"href":"https:\/\/www.mjvinnovation.com\/pt-br\/wp-json\/wp\/v2\/media\/7726"}],"wp:attachment":[{"href":"https:\/\/www.mjvinnovation.com\/pt-br\/wp-json\/wp\/v2\/media?parent=12851"}],"wp:term":[{"taxonomy":"category","embeddable":true,"href":"https:\/\/www.mjvinnovation.com\/pt-br\/wp-json\/wp\/v2\/categories?post=12851"},{"taxonomy":"post_tag","embeddable":true,"href":"https:\/\/www.mjvinnovation.com\/pt-br\/wp-json\/wp\/v2\/tags?post=12851"}],"curies":[{"name":"wp","href":"https:\/\/api.w.org\/{rel}","templated":true}]}}