{"id":11773,"date":"2020-05-18T19:14:19","date_gmt":"2020-05-18T22:14:19","guid":{"rendered":"https:\/\/www.mjvinnovation.com\/blog\/como-olhar-para-o-futuro-pos-pandemia\/"},"modified":"2021-07-19T23:52:47","modified_gmt":"2021-07-20T02:52:47","slug":"como-olhar-para-o-futuro-pos-pandemia","status":"publish","type":"post","link":"https:\/\/www.mjvinnovation.com\/pt-br\/blog\/como-olhar-para-o-futuro-pos-pandemia\/","title":{"rendered":"Como olhar para o futuro p\u00f3s-pandemia?"},"content":{"rendered":"<p><span style=\"font-weight: 400;\">Voc\u00ea provavelmente cansou de ouvir os termos \u201cmudan\u00e7a\u201d e \u201ctransforma\u00e7\u00e3o\u201d nas \u00faltimas semanas. Isso porque esse argumento torna-se um lugar comum quando h\u00e1 um amontoado de novas informa\u00e7\u00f5es para compreender e contextos para adaptar.<\/span><\/p>\n<p><span style=\"font-weight: 400;\">Primeiro, precisamos nos localizar. Vamos entender em que lugar estamos para projetar o amanh\u00e3. Enxergue esse post como um farol para te auxiliar a navegar pelas incertezas.\u00a0<\/span><\/p>\n<p><span style=\"font-weight: 400;\">O norte? Um futuro desej\u00e1vel, \u00e9 claro.<\/span><\/p>\n<h3><span style=\"font-weight: 400;\">Mundo p\u00f3s-digital: para onde estamos indo?<\/span><\/h3>\n<p><span style=\"font-weight: 400;\">Vivemos um momento de disfun\u00e7\u00e3o em rela\u00e7\u00e3o ao funcionamento da sociedade como conhecemos. Essa ruptura \u00e9 o que chamamos de<\/span><a href=\"https:\/\/www.mjvinnovation.com\/pt-br\/blog\/o-coronavirus-nos-levou-a-um-cenario-de-colapso\/\"> <span style=\"font-weight: 400;\">cen\u00e1rio de colapso<\/span><\/a><span style=\"font-weight: 400;\">. Algumas coisas nunca mais ser\u00e3o como antes. Algumas voltar\u00e3o ao status que nos \u00e9 familiar.<\/span><\/p>\n<p><span style=\"font-weight: 400;\">Desse novo contexto, v\u00e3o emergir problem\u00e1ticas totalmente in\u00e9ditas: ser\u00e3o os novos <\/span><b>wicked problems<\/b><span style=\"font-weight: 400;\"> da humanidade.<\/span><\/p>\n<p><span style=\"font-weight: 400;\">Nas literaturas sobre planejamento, o termo \u201cwicked problem\u201d refere-se a problemas graves e de dif\u00edcil resolu\u00e7\u00e3o, que possuem vari\u00e1veis desconhecidas e nuances complexas. Esse tipo de situa\u00e7\u00e3o ocorre em \u00e1reas como sa\u00fade, educa\u00e7\u00e3o, economia, meio ambiente, entre outras.<\/span><\/p>\n<p><span style=\"font-weight: 400;\">\u00c9 exatamente o que estamos enfrentando agora, na pr\u00e1tica. E isso influencia de forma definitiva a maneira como as corpora\u00e7\u00f5es precisam se estruturar. Ou reestruturar.<\/span><\/p>\n<p><span style=\"font-weight: 400;\">Ent\u00e3o, na pr\u00e1tica, o que est\u00e1 mudando?<\/span><\/p>\n<ul>\n<li style=\"font-weight: 400;\"><b>Consumo: <\/b><span style=\"font-weight: 400;\">com o isolamento social e a recomenda\u00e7\u00e3o de permanecermos em casa, a demanda por servi\u00e7os de delivery disparou. Se antes toda empresa deveria ter background tecnol\u00f3gico, agora a demanda \u00e9 por um sistema de log\u00edstica s\u00f3lido.<\/span><\/li>\n<li style=\"font-weight: 400;\"><b>Educa\u00e7\u00e3o: <\/b><span style=\"font-weight: 400;\">sem um sistema de<\/span><b> educa\u00e7\u00e3o a dist\u00e2ncia<\/b><span style=\"font-weight: 400;\">, a maioria das escolas e universidades seguem postergando o retorno \u00e0s aulas. Na contram\u00e3o, de acordo com um site de empregos, entre mar\u00e7o e abril houve um aumento de 68% nas matr\u00edculas para cursos online. Modelos EAD e semipresenciais devem ser fatores determinantes para institui\u00e7\u00f5es de ensino e capacita\u00e7\u00e3o corporativa daqui para frente.<\/span><\/li>\n<li style=\"font-weight: 400;\"><b>Trabalho &#8211; <\/b><span style=\"font-weight: 400;\">segundo dados do Instituto Datafolha, 54% dos brasileiros dizem n\u00e3o poder trabalhar em casa durante a quarentena. Com a necessidade da digitaliza\u00e7\u00e3o batendo \u00e0 porta das empresas, o processo de ades\u00e3o ao trabalho remoto est\u00e1 cada vez mais acelerado.<\/span><\/li>\n<\/ul>\n<p><span style=\"font-weight: 400;\">Saiba como melhorar a gest\u00e3o do trabalho remoto no seu time<\/span><a href=\"https:\/\/conteudo.mjv.com.br\/pt-br\/ebook\/remote-transformation-workplaces?_ga=2.170768224.1910493590.1589797572-1165112081.1586748784\" target=\"_blank\" rel=\"noopener noreferrer\"> <span style=\"font-weight: 400;\">aqui<\/span><\/a><span style=\"font-weight: 400;\">.<\/span><\/p>\n<p><span style=\"font-weight: 400;\">Esses s\u00e3o apenas alguns dos novos contextos que est\u00e3o emergindo durante a crise \u2014 e que ser\u00e3o t\u00f3picos de debates acalorados (talvez via confer\u00eancia)<\/span> <span style=\"font-weight: 400;\">nos pr\u00f3ximos anos. S\u00e3o quest\u00f5es inerentes \u00e0 um <\/span><b>mundo p\u00f3s-digital, em que a estabilidade \u00e9 exce\u00e7\u00e3o<\/b><span style=\"font-weight: 400;\">.<\/span><\/p>\n<h3><span style=\"font-weight: 400;\">O que vem depois da Transforma\u00e7\u00e3o Digital?<\/span><\/h3>\n<p><span style=\"font-weight: 400;\">A Transforma\u00e7\u00e3o Digital ficou para tr\u00e1s.<\/span><\/p>\n<p><span style=\"font-weight: 400;\">\u201cO qu\u00ea?\u201d &#8211; voc\u00ea pergunta. Sim, se voc\u00ea est\u00e1 lendo esse post, se est\u00e1 trabalhando remotamente, se faz reuni\u00f5es por aplicativos\u2026 bem, a Transforma\u00e7\u00e3o Digital ficou no passado para voc\u00ea.<\/span><\/p>\n<p><span style=\"font-weight: 400;\">Isso j\u00e1 aconteceu, justamente para viabilizar o momento que estamos vivendo: a era-p\u00f3s digital. O momento onde o anal\u00f3gico \u00e9 superado e a tecnologia torna-se onipresente (e quase que impercept\u00edvel).<\/span><\/p>\n<p><span style=\"font-weight: 400;\">D\u00ea as boas-vindas \u00e0 Era da Acelera\u00e7\u00e3o Digital.<\/span><\/p>\n<p><b>Voc\u00ea \u00e9 realmente digital?<\/b><\/p>\n<p><span style=\"font-weight: 400;\">\u201cOk. Mas ainda estou tendo dificuldades\u201d. Sim, grande parte das corpora\u00e7\u00f5es e seus funcion\u00e1rios tamb\u00e9m est\u00e3o. Isso acontece porque digitalizar apenas alguns processos \u00e9 diferente de estruturar sua empresa e colaboradores para pensar e atuar de forma 100% digital.<\/span><\/p>\n<p><span style=\"font-weight: 400;\">Ao longo do tempo, tentamos realizar a Transforma\u00e7\u00e3o Digital de forma gradual. Mas quando fomos acometidos por uma situa\u00e7\u00e3o emergencial &#8211; como a pandemia do coronav\u00edrus -, o ritmo das mudan\u00e7as se mostrou rapidamente inadequado para responder ao problema.<\/span><\/p>\n<p><span style=\"font-weight: 400;\">Tendo em vista a dificuldade de adapta\u00e7\u00e3o, h\u00e1 um sentimento un\u00e2nime: <\/span><b>precisamos acentuar a velocidade das transforma\u00e7\u00f5es<\/b><span style=\"font-weight: 400;\">.\u00a0<\/span><\/p>\n<p><span style=\"font-weight: 400;\">Estamos falando da possibilidade de operacionalizar um neg\u00f3cio de forma <\/span><b>totalmente remota<\/b><span style=\"font-weight: 400;\">, de um <em>modus operandi\u00a0<\/em><\/span><span style=\"font-weight: 400;\">ainda mais enxuto do que aqueles das startups, e talvez &#8211; a depender do per\u00edodo de distanciamento social &#8211; do surgimento da pr\u00f3xima gera\u00e7\u00e3o de modelos neg\u00f3cios disruptivos.<\/span><\/p>\n<p><span style=\"font-weight: 400;\">Mas para mergulhar de cabe\u00e7a na acelera\u00e7\u00e3o digital e atravessar a crise de forma mais fluida, \u00e9 fundamental revisitar o pr\u00f3prio planejamento de neg\u00f3cios e reconstruir processos.\u00a0<\/span><\/p>\n<h3><span style=\"font-weight: 400;\">Reposicionamento estrat\u00e9gico: hora de dar tra\u00e7\u00e3o ao seu neg\u00f3cio<\/span><\/h3>\n<p><span style=\"font-weight: 400;\">Novos tempos pedem novas solu\u00e7\u00f5es. Entre elas, mudan\u00e7as estruturais.<\/span><\/p>\n<p><span style=\"font-weight: 400;\">Se a sua empresa foi pega totalmente desprevenida com a transi\u00e7\u00e3o remota, voc\u00ea vai precisar de um<\/span><a href=\"https:\/\/conteudo.mjv.com.br\/pt-br\/ebook\/solucoes-para-o-plano-de-continuidade-de-negocios?__hstc=185709558.b9ef72bbff81018bf51ce67003b59a7e.1586748786202.1589797581330.1589801901670.7&amp;__hssc=185709558.2.1589801901670&amp;__hsfp=2755572368&amp;_ga=2.108417858.1910493590.1589797572-1165112081.1586748784\" target=\"_blank\" rel=\"noopener noreferrer\"> <span style=\"font-weight: 400;\">Plano de Continuidade de Neg\u00f3cios<\/span><\/a><span style=\"font-weight: 400;\">. Mas se voc\u00ea conseguiu manter boa parte das opera\u00e7\u00f5es ativas e mitigar perdas, agora \u00e9 hora de dar tra\u00e7\u00e3o ao seu neg\u00f3cio novamente.<\/span><\/p>\n<p><a href=\"https:\/\/conteudo.mjv.com.br\/pt-br\/ebook\/solucoes-para-o-plano-de-continuidade-de-negocios\" target=\"_blank\" rel=\"noopener noreferrer\"><img fetchpriority=\"high\" decoding=\"async\" class=\"aligncenter wp-image-29523 size-full\" src=\"https:\/\/www.mjvinnovation.com\/wp-content\/uploads\/2020\/05\/Ebook-Plano-Continuidade-Negocios-Email.jpg\" alt=\"\" width=\"789\" height=\"410\" \/><\/a><\/p>\n<p><span style=\"font-weight: 400;\">Na MJV, lidamos com neg\u00f3cios sem \u201cachismos\u201d \u2013 conscientes de que \u00e9 preciso investir em uma infraestrutura que permita aos times serem t\u00e3o produtivos quanto antes.\u00a0<\/span><\/p>\n<p><span style=\"font-weight: 400;\">Devemos aceitar o agora e reformular a estrat\u00e9gia de neg\u00f3cios. Para isso, usamos o Design Thinking para auxiliar nossos clientes a revisitar seus planejamentos e entender os melhores caminhos para lidar com essa nova realidade.<\/span><\/p>\n<p><span style=\"font-weight: 400;\">Para te ajudar nessa miss\u00e3o, trouxemos 2 propostas nesse blog post. Confira s\u00f3!<\/span><\/p>\n<p><b>Design Thinking Digital<\/b><\/p>\n<p><span style=\"font-weight: 400;\">Dar continuidade \u00e0s oportunidades de neg\u00f3cios \u00e9 fundamental para acelerar a inova\u00e7\u00e3o e manter-se competitivo no mercado. Ent\u00e3o, se voc\u00ea pensa em pausar projetos por falta de alinhamento ou dificuldade de coletar de insumos, o Design Thinking Digital \u00e9 para voc\u00ea.<\/span><\/p>\n<p><span style=\"font-weight: 400;\">O DT Digital \u00e9 uma adapta\u00e7\u00e3o do Design Thinking para o contexto remoto, que se utiliza de ferramentas digitais para compreender os desafios de neg\u00f3cios, redesenhar processos e gerar insumos para tomadas de decis\u00f5es mais alinhadas aos problemas atuais.<\/span><\/p>\n<p><b>Sprint Remoto para Reposicionamento Estrate\u0301gico<\/b><\/p>\n<p><span style=\"font-weight: 400;\">Decis\u00f5es de neg\u00f3cios precisam ser \u00e1geis, bem embasadas e certeiras. Nossa sprint remota propo\u0303e um formato novo para diagnosticar, conceituar e validar altera\u00e7\u00f5es no plano de neg\u00f3cios e promover um redirecionamento estrate\u0301gico.\u00a0<\/span><\/p>\n<p><span style=\"font-weight: 400;\">Combinando Design Thinking e \u00c1gil, ajudamos nossos clientes a revisar todas as etapas do planejamento para redefinir prioridades e otimizar a tomada de decisa\u0303o.<\/span><\/p>\n<h3><span style=\"font-weight: 400;\">O novo normal est\u00e1 em constru\u00e7\u00e3o<\/span><\/h3>\n<p><span style=\"font-weight: 400;\">N\u00e3o, n\u00e3o estamos vivendo o novo normal. Ainda. Ele est\u00e1 em constru\u00e7\u00e3o, a todo vapor, \u00e9 verdade. A palavra-chave \u00e9 adapta\u00e7\u00e3o, em todos os quesitos.<\/span><\/p>\n<p><span style=\"font-weight: 400;\">Como voc\u00ea viu, novos comportamentos est\u00e3o emergindo. Outros, voltando \u00e0 moda, como o retorno dos cinemas drive-in nos EUA (e agora no Brasil). E por \u00faltimo, mas n\u00e3o menos importante, a cria\u00e7\u00e3o de novos h\u00e1bitos de consumo, como as \u201craves\u201d de m\u00fasica eletr\u00f4nica dentro dos carros na Dinamarca e na Alemanha.<\/span><\/p>\n<p><span style=\"font-weight: 400;\">No \u00e2mbito do trabalho, muitos de n\u00f3s n\u00e3o voltaremos aos escrit\u00f3rios. Ou faremos com frequ\u00eancia diferente do que conhec\u00edamos. Os ambientes tamb\u00e9m ser\u00e3o alterados &#8211; agora com toda a infraestrutura para produzir melhor. E atendendo a novos requisitos de seguran\u00e7a, que certamente ser\u00e3o criados.\u00a0<\/span><\/p>\n<p><span style=\"font-weight: 400;\">Novas habilidades tamb\u00e9m precisar\u00e3o ser desenvolvidas, as famosas <\/span><b>soft skills<\/b><span style=\"font-weight: 400;\">. Caracter\u00edsticas como intelig\u00eancia emocional, auto-gerenciamento e colabora\u00e7\u00e3o ser\u00e3o cruciais durante e depois da crise.<\/span><\/p>\n<p><span style=\"font-weight: 400;\">A crise nos convida \u00e0 reflex\u00e3o, mas exige a\u00e7\u00e3o imediata na dire\u00e7\u00e3o de construir resili\u00eancia organizacional para navegar pelas incertezas. Resta nos adaptarmos ao novo e agir de forma antecipat\u00f3ria para aproveitarmos as oportunidades que est\u00e3o por vir no p\u00f3s-pandemia.\u00a0<\/span><\/p>\n<p>&nbsp;<\/p>\n","protected":false},"excerpt":{"rendered":"Em um mundo p\u00f3s-digital, a estabilidade \u00e9 exce\u00e7\u00e3o. Esse post vem para orientar sua vis\u00e3o sobre as mudan\u00e7as que est\u00e3o acontecendo. E mais: para antecipar quest\u00f5es com as quais voc\u00ea ir\u00e1 se deparar daqui em diante","protected":false},"author":6,"featured_media":11774,"comment_status":"closed","ping_status":"open","sticky":false,"template":"","format":"standard","meta":{"_acf_changed":false,"footnotes":""},"categories":[158],"tags":[],"class_list":["post-11773","post","type-post","status-publish","format-standard","has-post-thumbnail","hentry","category-futures-studies"],"acf":[],"yoast_head":"<!-- This site is optimized with the Yoast SEO plugin v26.0 - https:\/\/yoast.com\/wordpress\/plugins\/seo\/ -->\n<title>Como olhar para o futuro p\u00f3s-pandemia? - MJV Technology &amp; Innovation<\/title>\n<meta name=\"description\" content=\"Nesse post, voc\u00ea entender\u00e1 como devemos olhar para o futuro p\u00f3s-pandemia, o que j\u00e1 mudou e como acelerar a transi\u00e7\u00e3o para a Era P\u00f3s-Digital na sua empresa.\" \/>\n<meta name=\"robots\" content=\"index, follow, max-snippet:-1, max-image-preview:large, max-video-preview:-1\" \/>\n<link rel=\"canonical\" href=\"https:\/\/www.mjvinnovation.com\/pt-br\/blog\/como-olhar-para-o-futuro-pos-pandemia\/\" \/>\n<meta property=\"og:locale\" content=\"pt_BR\" \/>\n<meta property=\"og:type\" content=\"article\" \/>\n<meta property=\"og:title\" content=\"Como olhar para o futuro p\u00f3s-pandemia? - MJV Technology &amp; Innovation\" \/>\n<meta property=\"og:description\" content=\"Nesse post, voc\u00ea entender\u00e1 como devemos olhar para o futuro p\u00f3s-pandemia, o que j\u00e1 mudou e como acelerar a transi\u00e7\u00e3o para a Era P\u00f3s-Digital na sua empresa.\" \/>\n<meta property=\"og:url\" content=\"https:\/\/www.mjvinnovation.com\/pt-br\/blog\/como-olhar-para-o-futuro-pos-pandemia\/\" \/>\n<meta property=\"og:site_name\" content=\"MJV Technology &amp; Innovation\" \/>\n<meta property=\"article:publisher\" content=\"https:\/\/www.facebook.com\/mjvinnovation\/\" \/>\n<meta property=\"article:published_time\" content=\"2020-05-18T22:14:19+00:00\" \/>\n<meta property=\"article:modified_time\" content=\"2021-07-20T02:52:47+00:00\" \/>\n<meta property=\"og:image\" content=\"https:\/\/www.mjvinnovation.com\/wp-content\/uploads\/2021\/07\/Como-olhar-para-o-Futuro-pos-pandemia.jpg\" \/>\n\t<meta property=\"og:image:width\" content=\"1920\" \/>\n\t<meta property=\"og:image:height\" content=\"1080\" \/>\n\t<meta property=\"og:image:type\" content=\"image\/jpeg\" \/>\n<meta name=\"author\" content=\"MJV Team\" \/>\n<meta name=\"twitter:card\" content=\"summary_large_image\" \/>\n<meta name=\"twitter:creator\" content=\"@MJVinnovation\" \/>\n<meta name=\"twitter:site\" content=\"@MJVinnovation\" \/>\n<meta name=\"twitter:label1\" content=\"Escrito por\" \/>\n\t<meta name=\"twitter:data1\" content=\"MJV Team\" \/>\n\t<meta name=\"twitter:label2\" content=\"Est. tempo de leitura\" \/>\n\t<meta name=\"twitter:data2\" content=\"6 minutos\" \/>\n<script type=\"application\/ld+json\" class=\"yoast-schema-graph\">{\"@context\":\"https:\/\/schema.org\",\"@graph\":[{\"@type\":\"Article\",\"@id\":\"https:\/\/www.mjvinnovation.com\/pt-br\/blog\/como-olhar-para-o-futuro-pos-pandemia\/#article\",\"isPartOf\":{\"@id\":\"https:\/\/www.mjvinnovation.com\/pt-br\/blog\/como-olhar-para-o-futuro-pos-pandemia\/\"},\"author\":{\"name\":\"MJV Team\",\"@id\":\"https:\/\/www.mjvinnovation.com\/pt-br\/#\/schema\/person\/5080b5d5134aa2a636596e1c04c0fc99\"},\"headline\":\"Como olhar para o futuro p\u00f3s-pandemia?\",\"datePublished\":\"2020-05-18T22:14:19+00:00\",\"dateModified\":\"2021-07-20T02:52:47+00:00\",\"mainEntityOfPage\":{\"@id\":\"https:\/\/www.mjvinnovation.com\/pt-br\/blog\/como-olhar-para-o-futuro-pos-pandemia\/\"},\"wordCount\":1232,\"publisher\":{\"@id\":\"https:\/\/www.mjvinnovation.com\/pt-br\/#organization\"},\"image\":{\"@id\":\"https:\/\/www.mjvinnovation.com\/pt-br\/blog\/como-olhar-para-o-futuro-pos-pandemia\/#primaryimage\"},\"thumbnailUrl\":\"https:\/\/www.mjvinnovation.com\/wp-content\/uploads\/2021\/07\/Como-olhar-para-o-Futuro-pos-pandemia.jpg\",\"articleSection\":[\"Futures Studies\"],\"inLanguage\":\"pt-BR\"},{\"@type\":\"WebPage\",\"@id\":\"https:\/\/www.mjvinnovation.com\/pt-br\/blog\/como-olhar-para-o-futuro-pos-pandemia\/\",\"url\":\"https:\/\/www.mjvinnovation.com\/pt-br\/blog\/como-olhar-para-o-futuro-pos-pandemia\/\",\"name\":\"Como olhar para o futuro p\u00f3s-pandemia? - MJV Technology &amp; Innovation\",\"isPartOf\":{\"@id\":\"https:\/\/www.mjvinnovation.com\/pt-br\/#website\"},\"primaryImageOfPage\":{\"@id\":\"https:\/\/www.mjvinnovation.com\/pt-br\/blog\/como-olhar-para-o-futuro-pos-pandemia\/#primaryimage\"},\"image\":{\"@id\":\"https:\/\/www.mjvinnovation.com\/pt-br\/blog\/como-olhar-para-o-futuro-pos-pandemia\/#primaryimage\"},\"thumbnailUrl\":\"https:\/\/www.mjvinnovation.com\/wp-content\/uploads\/2021\/07\/Como-olhar-para-o-Futuro-pos-pandemia.jpg\",\"datePublished\":\"2020-05-18T22:14:19+00:00\",\"dateModified\":\"2021-07-20T02:52:47+00:00\",\"description\":\"Nesse post, voc\u00ea entender\u00e1 como devemos olhar para o futuro p\u00f3s-pandemia, o que j\u00e1 mudou e como acelerar a transi\u00e7\u00e3o para a Era P\u00f3s-Digital na sua empresa.\",\"breadcrumb\":{\"@id\":\"https:\/\/www.mjvinnovation.com\/pt-br\/blog\/como-olhar-para-o-futuro-pos-pandemia\/#breadcrumb\"},\"inLanguage\":\"pt-BR\",\"potentialAction\":[{\"@type\":\"ReadAction\",\"target\":[\"https:\/\/www.mjvinnovation.com\/pt-br\/blog\/como-olhar-para-o-futuro-pos-pandemia\/\"]}]},{\"@type\":\"ImageObject\",\"inLanguage\":\"pt-BR\",\"@id\":\"https:\/\/www.mjvinnovation.com\/pt-br\/blog\/como-olhar-para-o-futuro-pos-pandemia\/#primaryimage\",\"url\":\"https:\/\/www.mjvinnovation.com\/wp-content\/uploads\/2021\/07\/Como-olhar-para-o-Futuro-pos-pandemia.jpg\",\"contentUrl\":\"https:\/\/www.mjvinnovation.com\/wp-content\/uploads\/2021\/07\/Como-olhar-para-o-Futuro-pos-pandemia.jpg\",\"width\":1920,\"height\":1080,\"caption\":\"Como olhar para o Futuro p\u00f3s-pandemia - MJV Technology & Innovation\"},{\"@type\":\"BreadcrumbList\",\"@id\":\"https:\/\/www.mjvinnovation.com\/pt-br\/blog\/como-olhar-para-o-futuro-pos-pandemia\/#breadcrumb\",\"itemListElement\":[{\"@type\":\"ListItem\",\"position\":1,\"name\":\"Home\",\"item\":\"https:\/\/www.mjvinnovation.com\/pt-br\/\"},{\"@type\":\"ListItem\",\"position\":2,\"name\":\"Como olhar para o futuro p\u00f3s-pandemia?\"}]},{\"@type\":\"WebSite\",\"@id\":\"https:\/\/www.mjvinnovation.com\/pt-br\/#website\",\"url\":\"https:\/\/www.mjvinnovation.com\/pt-br\/\",\"name\":\"MJV Technology &amp; Innovation\",\"description\":\"We are people transforming business\",\"publisher\":{\"@id\":\"https:\/\/www.mjvinnovation.com\/pt-br\/#organization\"},\"potentialAction\":[{\"@type\":\"SearchAction\",\"target\":{\"@type\":\"EntryPoint\",\"urlTemplate\":\"https:\/\/www.mjvinnovation.com\/pt-br\/?s={search_term_string}\"},\"query-input\":{\"@type\":\"PropertyValueSpecification\",\"valueRequired\":true,\"valueName\":\"search_term_string\"}}],\"inLanguage\":\"pt-BR\"},{\"@type\":\"Organization\",\"@id\":\"https:\/\/www.mjvinnovation.com\/pt-br\/#organization\",\"name\":\"MJV Technology and Innovation\",\"url\":\"https:\/\/www.mjvinnovation.com\/pt-br\/\",\"logo\":{\"@type\":\"ImageObject\",\"inLanguage\":\"pt-BR\",\"@id\":\"https:\/\/www.mjvinnovation.com\/pt-br\/#\/schema\/logo\/image\/\",\"url\":\"https:\/\/www.mjvinnovation.com\/wp-content\/uploads\/2021\/07\/logo_mjv_favicon.png\",\"contentUrl\":\"https:\/\/www.mjvinnovation.com\/wp-content\/uploads\/2021\/07\/logo_mjv_favicon.png\",\"width\":128,\"height\":128,\"caption\":\"MJV Technology and Innovation\"},\"image\":{\"@id\":\"https:\/\/www.mjvinnovation.com\/pt-br\/#\/schema\/logo\/image\/\"},\"sameAs\":[\"https:\/\/www.facebook.com\/mjvinnovation\/\",\"https:\/\/x.com\/MJVinnovation\",\"https:\/\/www.instagram.com\/mjvinnovation\/\",\"https:\/\/www.linkedin.com\/company\/mjv-tech-and-innovation\",\"https:\/\/www.youtube.com\/channel\/UCUlTs06JlXwUd09Jzg9kqDA\"]},{\"@type\":\"Person\",\"@id\":\"https:\/\/www.mjvinnovation.com\/pt-br\/#\/schema\/person\/5080b5d5134aa2a636596e1c04c0fc99\",\"name\":\"MJV Team\"}]}<\/script>\n<!-- \/ Yoast SEO plugin. -->","yoast_head_json":{"title":"Como olhar para o futuro p\u00f3s-pandemia? - MJV Technology &amp; Innovation","description":"Nesse post, voc\u00ea entender\u00e1 como devemos olhar para o futuro p\u00f3s-pandemia, o que j\u00e1 mudou e como acelerar a transi\u00e7\u00e3o para a Era P\u00f3s-Digital na sua empresa.","robots":{"index":"index","follow":"follow","max-snippet":"max-snippet:-1","max-image-preview":"max-image-preview:large","max-video-preview":"max-video-preview:-1"},"canonical":"https:\/\/www.mjvinnovation.com\/pt-br\/blog\/como-olhar-para-o-futuro-pos-pandemia\/","og_locale":"pt_BR","og_type":"article","og_title":"Como olhar para o futuro p\u00f3s-pandemia? - MJV Technology &amp; Innovation","og_description":"Nesse post, voc\u00ea entender\u00e1 como devemos olhar para o futuro p\u00f3s-pandemia, o que j\u00e1 mudou e como acelerar a transi\u00e7\u00e3o para a Era P\u00f3s-Digital na sua empresa.","og_url":"https:\/\/www.mjvinnovation.com\/pt-br\/blog\/como-olhar-para-o-futuro-pos-pandemia\/","og_site_name":"MJV Technology &amp; Innovation","article_publisher":"https:\/\/www.facebook.com\/mjvinnovation\/","article_published_time":"2020-05-18T22:14:19+00:00","article_modified_time":"2021-07-20T02:52:47+00:00","og_image":[{"width":1920,"height":1080,"url":"https:\/\/www.mjvinnovation.com\/wp-content\/uploads\/2021\/07\/Como-olhar-para-o-Futuro-pos-pandemia.jpg","type":"image\/jpeg"}],"author":"MJV Team","twitter_card":"summary_large_image","twitter_creator":"@MJVinnovation","twitter_site":"@MJVinnovation","twitter_misc":{"Escrito por":"MJV Team","Est. tempo de leitura":"6 minutos"},"schema":{"@context":"https:\/\/schema.org","@graph":[{"@type":"Article","@id":"https:\/\/www.mjvinnovation.com\/pt-br\/blog\/como-olhar-para-o-futuro-pos-pandemia\/#article","isPartOf":{"@id":"https:\/\/www.mjvinnovation.com\/pt-br\/blog\/como-olhar-para-o-futuro-pos-pandemia\/"},"author":{"name":"MJV Team","@id":"https:\/\/www.mjvinnovation.com\/pt-br\/#\/schema\/person\/5080b5d5134aa2a636596e1c04c0fc99"},"headline":"Como olhar para o futuro p\u00f3s-pandemia?","datePublished":"2020-05-18T22:14:19+00:00","dateModified":"2021-07-20T02:52:47+00:00","mainEntityOfPage":{"@id":"https:\/\/www.mjvinnovation.com\/pt-br\/blog\/como-olhar-para-o-futuro-pos-pandemia\/"},"wordCount":1232,"publisher":{"@id":"https:\/\/www.mjvinnovation.com\/pt-br\/#organization"},"image":{"@id":"https:\/\/www.mjvinnovation.com\/pt-br\/blog\/como-olhar-para-o-futuro-pos-pandemia\/#primaryimage"},"thumbnailUrl":"https:\/\/www.mjvinnovation.com\/wp-content\/uploads\/2021\/07\/Como-olhar-para-o-Futuro-pos-pandemia.jpg","articleSection":["Futures Studies"],"inLanguage":"pt-BR"},{"@type":"WebPage","@id":"https:\/\/www.mjvinnovation.com\/pt-br\/blog\/como-olhar-para-o-futuro-pos-pandemia\/","url":"https:\/\/www.mjvinnovation.com\/pt-br\/blog\/como-olhar-para-o-futuro-pos-pandemia\/","name":"Como olhar para o futuro p\u00f3s-pandemia? - MJV Technology &amp; Innovation","isPartOf":{"@id":"https:\/\/www.mjvinnovation.com\/pt-br\/#website"},"primaryImageOfPage":{"@id":"https:\/\/www.mjvinnovation.com\/pt-br\/blog\/como-olhar-para-o-futuro-pos-pandemia\/#primaryimage"},"image":{"@id":"https:\/\/www.mjvinnovation.com\/pt-br\/blog\/como-olhar-para-o-futuro-pos-pandemia\/#primaryimage"},"thumbnailUrl":"https:\/\/www.mjvinnovation.com\/wp-content\/uploads\/2021\/07\/Como-olhar-para-o-Futuro-pos-pandemia.jpg","datePublished":"2020-05-18T22:14:19+00:00","dateModified":"2021-07-20T02:52:47+00:00","description":"Nesse post, voc\u00ea entender\u00e1 como devemos olhar para o futuro p\u00f3s-pandemia, o que j\u00e1 mudou e como acelerar a transi\u00e7\u00e3o para a Era P\u00f3s-Digital na sua empresa.","breadcrumb":{"@id":"https:\/\/www.mjvinnovation.com\/pt-br\/blog\/como-olhar-para-o-futuro-pos-pandemia\/#breadcrumb"},"inLanguage":"pt-BR","potentialAction":[{"@type":"ReadAction","target":["https:\/\/www.mjvinnovation.com\/pt-br\/blog\/como-olhar-para-o-futuro-pos-pandemia\/"]}]},{"@type":"ImageObject","inLanguage":"pt-BR","@id":"https:\/\/www.mjvinnovation.com\/pt-br\/blog\/como-olhar-para-o-futuro-pos-pandemia\/#primaryimage","url":"https:\/\/www.mjvinnovation.com\/wp-content\/uploads\/2021\/07\/Como-olhar-para-o-Futuro-pos-pandemia.jpg","contentUrl":"https:\/\/www.mjvinnovation.com\/wp-content\/uploads\/2021\/07\/Como-olhar-para-o-Futuro-pos-pandemia.jpg","width":1920,"height":1080,"caption":"Como olhar para o Futuro p\u00f3s-pandemia - MJV Technology & Innovation"},{"@type":"BreadcrumbList","@id":"https:\/\/www.mjvinnovation.com\/pt-br\/blog\/como-olhar-para-o-futuro-pos-pandemia\/#breadcrumb","itemListElement":[{"@type":"ListItem","position":1,"name":"Home","item":"https:\/\/www.mjvinnovation.com\/pt-br\/"},{"@type":"ListItem","position":2,"name":"Como olhar para o futuro p\u00f3s-pandemia?"}]},{"@type":"WebSite","@id":"https:\/\/www.mjvinnovation.com\/pt-br\/#website","url":"https:\/\/www.mjvinnovation.com\/pt-br\/","name":"MJV Technology &amp; Innovation","description":"We are people transforming business","publisher":{"@id":"https:\/\/www.mjvinnovation.com\/pt-br\/#organization"},"potentialAction":[{"@type":"SearchAction","target":{"@type":"EntryPoint","urlTemplate":"https:\/\/www.mjvinnovation.com\/pt-br\/?s={search_term_string}"},"query-input":{"@type":"PropertyValueSpecification","valueRequired":true,"valueName":"search_term_string"}}],"inLanguage":"pt-BR"},{"@type":"Organization","@id":"https:\/\/www.mjvinnovation.com\/pt-br\/#organization","name":"MJV Technology and Innovation","url":"https:\/\/www.mjvinnovation.com\/pt-br\/","logo":{"@type":"ImageObject","inLanguage":"pt-BR","@id":"https:\/\/www.mjvinnovation.com\/pt-br\/#\/schema\/logo\/image\/","url":"https:\/\/www.mjvinnovation.com\/wp-content\/uploads\/2021\/07\/logo_mjv_favicon.png","contentUrl":"https:\/\/www.mjvinnovation.com\/wp-content\/uploads\/2021\/07\/logo_mjv_favicon.png","width":128,"height":128,"caption":"MJV Technology and Innovation"},"image":{"@id":"https:\/\/www.mjvinnovation.com\/pt-br\/#\/schema\/logo\/image\/"},"sameAs":["https:\/\/www.facebook.com\/mjvinnovation\/","https:\/\/x.com\/MJVinnovation","https:\/\/www.instagram.com\/mjvinnovation\/","https:\/\/www.linkedin.com\/company\/mjv-tech-and-innovation","https:\/\/www.youtube.com\/channel\/UCUlTs06JlXwUd09Jzg9kqDA"]},{"@type":"Person","@id":"https:\/\/www.mjvinnovation.com\/pt-br\/#\/schema\/person\/5080b5d5134aa2a636596e1c04c0fc99","name":"MJV Team"}]}},"_links":{"self":[{"href":"https:\/\/www.mjvinnovation.com\/pt-br\/wp-json\/wp\/v2\/posts\/11773","targetHints":{"allow":["GET"]}}],"collection":[{"href":"https:\/\/www.mjvinnovation.com\/pt-br\/wp-json\/wp\/v2\/posts"}],"about":[{"href":"https:\/\/www.mjvinnovation.com\/pt-br\/wp-json\/wp\/v2\/types\/post"}],"author":[{"embeddable":true,"href":"https:\/\/www.mjvinnovation.com\/pt-br\/wp-json\/wp\/v2\/users\/6"}],"replies":[{"embeddable":true,"href":"https:\/\/www.mjvinnovation.com\/pt-br\/wp-json\/wp\/v2\/comments?post=11773"}],"version-history":[{"count":1,"href":"https:\/\/www.mjvinnovation.com\/pt-br\/wp-json\/wp\/v2\/posts\/11773\/revisions"}],"predecessor-version":[{"id":17000,"href":"https:\/\/www.mjvinnovation.com\/pt-br\/wp-json\/wp\/v2\/posts\/11773\/revisions\/17000"}],"wp:featuredmedia":[{"embeddable":true,"href":"https:\/\/www.mjvinnovation.com\/pt-br\/wp-json\/wp\/v2\/media\/11774"}],"wp:attachment":[{"href":"https:\/\/www.mjvinnovation.com\/pt-br\/wp-json\/wp\/v2\/media?parent=11773"}],"wp:term":[{"taxonomy":"category","embeddable":true,"href":"https:\/\/www.mjvinnovation.com\/pt-br\/wp-json\/wp\/v2\/categories?post=11773"},{"taxonomy":"post_tag","embeddable":true,"href":"https:\/\/www.mjvinnovation.com\/pt-br\/wp-json\/wp\/v2\/tags?post=11773"}],"curies":[{"name":"wp","href":"https:\/\/api.w.org\/{rel}","templated":true}]}}